{"id":1709,"date":"2018-06-14T12:15:36","date_gmt":"2018-06-14T11:15:36","guid":{"rendered":"http:\/\/www.improveinternational.com\/ambassador\/?p=1709"},"modified":"2018-06-14T12:16:44","modified_gmt":"2018-06-14T11:16:44","slug":"abutre-raro-regressa-a-portugal","status":"publish","type":"post","link":"https:\/\/www.improveinternational.com\/ambassador\/2018\/06\/14\/abutre-raro-regressa-a-portugal\/","title":{"rendered":"Abutre raro regressa a Portugal"},"content":{"rendered":"<h3><strong>Abutre raro regressa a Portugal<\/h3>\n<p>&nbsp;<\/p>\n<p style=\"text-align: center;\"><img loading=\"lazy\" decoding=\"async\" src=\"http:\/\/www.improveinternational.com\/ambassador\/wp-content\/uploads\/2018\/06\/2-3.png\" width=\"350\" height=\"350\" border=\"0\" \/><\/p>\n<p>&nbsp;<\/p>\n<p>Uma das maiores esp\u00e9cies de abutre, chamado quebra-ossos (Gypaetus barbatus) foi avistado novamente em Portugal, na regi\u00e3o do Algarve.<br \/>\nEsta ave amea\u00e7ada, com cerca de 3 metros de envergadura, ganhou o seu nome por se alimentar quase exclusivamente de ossos, que atira de grandes alturas para partir e assim aceder \u00e0 medula.<br \/>\nEstima-se que na Europa existam cerca de 200 casais desta ave, a maioria em Espanha. Em Portugal os \u00faltimos exemplares selvagens tinham sido avistados no s\u00e9c XIX, em Junho de 1888, tendo sido abatidos a tiro pelo rei D. Carlos no rio Guadiana. Estes exemplares encontram-se hoje no Museu de Zoologia da Universidade de Coimbra.<br \/>\nEm 2011 e 2015 houve registos da passagem por Portugal de aves libertadas por um projeto de reintrodu\u00e7\u00e3o de aves espanhol. No entanto, as aves n\u00e3o foram observadas, sendo esta informa\u00e7\u00e3o dada pelos dispositivos de geolocaliza\u00e7\u00e3o nelas colados.<br \/>\nEm 2018 chega a primeira observa\u00e7\u00e3o e fotografia em 100 anos, j\u00e1 confirmada pela Funda\u00e7\u00e3o 4Vultures. A fotografia, tirada por um observador de aves alem\u00e3o, permitiu identificar o animal pela anilha, tratando-se de um macho de nome Rayo, libertado a 31 de Maio de 2014 no Parque Natural das Sierras de Cazorla, Segura e las Villas.<\/p>\n<p>&nbsp;<\/p>\n<p style=\"word-wrap: break-word;\">Fontes: <a style=\"color: white; font-weight: bold; text-decoration: underline;\" href=\"https:\/\/www.wilder.pt\/historias\/pela-primeira-vez-100-anos-alguem-viu-quebra-ossos-portugal\/ https:\/\/www.4vultures.org\/bearded-vulture-portugal-first-record\/ http:\/\/www.avesdeportugal.info\/gypbar.html \" target=\"_blank\" rel=\"noopener\">https:\/\/www.wilder.pt\/historias\/pela-primeira-vez-100-anos-alguem-viu-quebra-ossos-portugal\/; https:\/\/www.4vultures.org\/bearded-vulture-portugal-first-record\/ , http:\/\/www.avesdeportugal.info\/gypbar.html<\/p>\n<p>&nbsp;<\/p>\n","protected":false},"excerpt":{"rendered":"<p>Abutre raro regressa a Portugal &nbsp; &nbsp; Uma das maiores esp\u00e9cies de abutre, chamado quebra-ossos (Gypaetus barbatus) foi avistado novamente em Portugal, na regi\u00e3o do Algarve. Esta ave amea\u00e7ada, com cerca de 3 metros de envergadura, ganhou o seu nome por se alimentar quase exclusivamente de ossos, que atira de grandes alturas para partir e [&hellip;]<\/p>\n","protected":false},"author":3,"featured_media":0,"comment_status":"open","ping_status":"open","sticky":false,"template":"","format":"standard","meta":{"_monsterinsights_skip_tracking":false,"_monsterinsights_sitenote_active":false,"_monsterinsights_sitenote_note":"","_monsterinsights_sitenote_category":0,"footnotes":""},"categories":[1],"tags":[],"_links":{"self":[{"href":"https:\/\/www.improveinternational.com\/ambassador\/wp-json\/wp\/v2\/posts\/1709"}],"collection":[{"href":"https:\/\/www.improveinternational.com\/ambassador\/wp-json\/wp\/v2\/posts"}],"about":[{"href":"https:\/\/www.improveinternational.com\/ambassador\/wp-json\/wp\/v2\/types\/post"}],"author":[{"embeddable":true,"href":"https:\/\/www.improveinternational.com\/ambassador\/wp-json\/wp\/v2\/users\/3"}],"replies":[{"embeddable":true,"href":"https:\/\/www.improveinternational.com\/ambassador\/wp-json\/wp\/v2\/comments?post=1709"}],"version-history":[{"count":2,"href":"https:\/\/www.improveinternational.com\/ambassador\/wp-json\/wp\/v2\/posts\/1709\/revisions"}],"predecessor-version":[{"id":1711,"href":"https:\/\/www.improveinternational.com\/ambassador\/wp-json\/wp\/v2\/posts\/1709\/revisions\/1711"}],"wp:attachment":[{"href":"https:\/\/www.improveinternational.com\/ambassador\/wp-json\/wp\/v2\/media?parent=1709"}],"wp:term":[{"taxonomy":"category","embeddable":true,"href":"https:\/\/www.improveinternational.com\/ambassador\/wp-json\/wp\/v2\/categories?post=1709"},{"taxonomy":"post_tag","embeddable":true,"href":"https:\/\/www.improveinternational.com\/ambassador\/wp-json\/wp\/v2\/tags?post=1709"}],"curies":[{"name":"wp","href":"https:\/\/api.w.org\/{rel}","templated":true}]}}