{"id":2001,"date":"2018-07-16T10:31:53","date_gmt":"2018-07-16T09:31:53","guid":{"rendered":"http:\/\/www.improveinternational.com\/ambassador\/?p=2001"},"modified":"2018-07-16T10:32:39","modified_gmt":"2018-07-16T09:32:39","slug":"qual-a-menor-ave-viva-do-mundo","status":"publish","type":"post","link":"https:\/\/www.improveinternational.com\/ambassador\/2018\/07\/16\/qual-a-menor-ave-viva-do-mundo\/","title":{"rendered":"Qual a menor ave viva do mundo?"},"content":{"rendered":"<h3><strong>Qual a menor ave viva do mundo?<\/strong><\/h3>\n<p>&nbsp;<\/p>\n<p style=\"text-align: center;\"><img loading=\"lazy\" decoding=\"async\" src=\"http:\/\/www.improveinternational.com\/ambassador\/wp-content\/uploads\/2018\/07\/3.png\" width=\"350\" height=\"350\" border=\"0\" \/><\/p>\n<p>&nbsp;<\/p>\n<p>Beija-flor-abelha \u2013 Mellisuga helenae \u2013 \u00e9 esta a ave que, segundo o Guinness World Records, \u00e9 a menor ave viva do mundo.<br \/>\nEsta ave pode ser encontrada, principalmente, em florestas sendo que poder\u00e1 tamb\u00e9m habitar em vales montanhosos, jardins e p\u00e2ntanos. Esta alimenta-se n\u00e3o s\u00f3 do n\u00e9ctar de diversas esp\u00e9cies de plantas como tamb\u00e9m de pequenos insetos. Devido ao facto de ser t\u00e3o pequena e de apresentar uma demanda energ\u00e9tica t\u00e3o grande, o beija-flor-abelha ingere at\u00e9 metade da sua massa corporal em alimento e at\u00e9 oito vezes em \u00e1gua.<br \/>\nEstas aves apresentam uma plumagem muito bonita que difere do sexo e da \u00e9poca reprodutiva. Relativamente \u00e0 plumagem de reprodu\u00e7\u00e3o do macho, esta irradia a colora\u00e7\u00e3o vermelha\/rosa ardente na zona da cabe\u00e7a e da garganta. O resto do corpo \u00e9 cinzento\/branco com pontos azuis no bordo das asas e a cauda conta com penas pretas. Somente na \u00e9poca reprodutiva \u00e9 que as penas de cores brilhantes aparecem sendo que, quando esta acaba, \u00e9 substitu\u00edda por outras mais ba\u00e7as. Outra curiosidade desta esp\u00e9cie \u00e9 que, o beija-flor-abelha f\u00eamea \u2013 de colora\u00e7\u00e3o verde na sua por\u00e7\u00e3o superior e branca nas pontas das asas e cauda \u2013 \u00e9 ligeiramente maior que o macho.<br \/>\nA esta\u00e7\u00e3o reprodutiva \u00e9, geralmente, entre mar\u00e7o e junho sendo que nesta altura a f\u00eamea constr\u00f3i um ninho de formato redondo feito com pequenos galhos unidos atrav\u00e9s de teias de aranha. Esta esp\u00e9cie apenas p\u00f5e dois ovos, sendo estes menores que seis mil\u00edmetros e que s\u00e3o incubados durante, sensivelmente, 22 dias.<br \/>\nInfelizmente, esta esp\u00e9cie de aves \u00e9 classificada como Quase Amea\u00e7ada pela Lista Vermelha da Uni\u00e3o Internacional para a Conserva\u00e7\u00e3o.<\/p>\n<p style=\"margin-top: 30px;\"><a class=\"button_full\" href=\"http:\/\/www.arkive.org\/bee-hummingbird\/mellisuga-helenae\/\"><br \/>\n<button class=\"button_cand_test\" type=\"button\">VER MAIS<\/button><\/a><\/p>\n","protected":false},"excerpt":{"rendered":"<p>Qual a menor ave viva do mundo? &nbsp; &nbsp; Beija-flor-abelha \u2013 Mellisuga helenae \u2013 \u00e9 esta a ave que, segundo o Guinness World Records, \u00e9 a menor ave viva do mundo. Esta ave pode ser encontrada, principalmente, em florestas sendo que poder\u00e1 tamb\u00e9m habitar em vales montanhosos, jardins e p\u00e2ntanos. Esta alimenta-se n\u00e3o s\u00f3 do [&hellip;]<\/p>\n","protected":false},"author":3,"featured_media":0,"comment_status":"open","ping_status":"open","sticky":false,"template":"","format":"standard","meta":{"_monsterinsights_skip_tracking":false,"_monsterinsights_sitenote_active":false,"_monsterinsights_sitenote_note":"","_monsterinsights_sitenote_category":0,"footnotes":""},"categories":[1],"tags":[],"_links":{"self":[{"href":"https:\/\/www.improveinternational.com\/ambassador\/wp-json\/wp\/v2\/posts\/2001"}],"collection":[{"href":"https:\/\/www.improveinternational.com\/ambassador\/wp-json\/wp\/v2\/posts"}],"about":[{"href":"https:\/\/www.improveinternational.com\/ambassador\/wp-json\/wp\/v2\/types\/post"}],"author":[{"embeddable":true,"href":"https:\/\/www.improveinternational.com\/ambassador\/wp-json\/wp\/v2\/users\/3"}],"replies":[{"embeddable":true,"href":"https:\/\/www.improveinternational.com\/ambassador\/wp-json\/wp\/v2\/comments?post=2001"}],"version-history":[{"count":1,"href":"https:\/\/www.improveinternational.com\/ambassador\/wp-json\/wp\/v2\/posts\/2001\/revisions"}],"predecessor-version":[{"id":2002,"href":"https:\/\/www.improveinternational.com\/ambassador\/wp-json\/wp\/v2\/posts\/2001\/revisions\/2002"}],"wp:attachment":[{"href":"https:\/\/www.improveinternational.com\/ambassador\/wp-json\/wp\/v2\/media?parent=2001"}],"wp:term":[{"taxonomy":"category","embeddable":true,"href":"https:\/\/www.improveinternational.com\/ambassador\/wp-json\/wp\/v2\/categories?post=2001"},{"taxonomy":"post_tag","embeddable":true,"href":"https:\/\/www.improveinternational.com\/ambassador\/wp-json\/wp\/v2\/tags?post=2001"}],"curies":[{"name":"wp","href":"https:\/\/api.w.org\/{rel}","templated":true}]}}