{"id":2006,"date":"2018-07-16T10:36:44","date_gmt":"2018-07-16T09:36:44","guid":{"rendered":"http:\/\/www.improveinternational.com\/ambassador\/?p=2006"},"modified":"2018-07-16T10:37:24","modified_gmt":"2018-07-16T09:37:24","slug":"cegueira-a-culpa-e-da-mae","status":"publish","type":"post","link":"https:\/\/www.improveinternational.com\/ambassador\/2018\/07\/16\/cegueira-a-culpa-e-da-mae\/","title":{"rendered":"Cegueira \u2013 A culpa \u00e9 da m\u00e3e!"},"content":{"rendered":"<h3><strong>Cegueira \u2013 A culpa \u00e9 da m\u00e3e!<\/strong><\/h3>\n<p>&nbsp;<\/p>\n<p style=\"text-align: center;\"><img loading=\"lazy\" decoding=\"async\" src=\"http:\/\/www.improveinternational.com\/ambassador\/wp-content\/uploads\/2018\/07\/D2.png\" width=\"350\" height=\"350\" border=\"0\" \/><\/p>\n<p>&nbsp;<\/p>\n<p>Um grupo de pesquisa da Universidade de Helsinque, UC Davis e Universidade de Jyv\u00e4skyl\u00e4 descreveram uma nova causa gen\u00e9tica para a doen\u00e7a ocular cong\u00e9nita canina.<br \/>\nJ\u00e1 era de conhecimento cient\u00edfico que defeitos no gene RBP4 levavam a defici\u00eancias de vitamina A.Por\u00e9m, por aplica\u00e7\u00e3o de t\u00e9cnicas espec\u00edficas, descobriu-se que associado a estas doen\u00e7as t\u00ednhamos muta\u00e7\u00f5es nestes genes, ligando-se os mesmos \u00e0 vitamina A e sendo transferidos para o f\u00edgado e excretados.<br \/>\nO cl\u00edmax deste panorama \u00e9 que, durante a gesta\u00e7\u00e3o, o feto precisa da transfer\u00eancia de vitamina A, pelo cord\u00e3o umbilical, a partir da m\u00e3e; se esta tem defi\u00eancia, h\u00e1 um aporte muito reduzido, pelo que os tecidos oculares s\u00e3o mal sintetizados e acresce a probabilidade de doen\u00e7a ocular e cegueira.<br \/>\nPara a ocorr\u00eancia deste panorama foi, no entanto, estudado que tanto m\u00e3e como filho devem ser homozigotos, visto a categoriza\u00e7\u00e3o da doen\u00e7a como recessiva.<\/p>\n<p style=\"margin-top: 30px;\"><a class=\"button_full\" href=\"https:\/\/doi.org\/10.1016\/j.celrep.2018.04.118\"><br \/>\n<button class=\"button_cand_test\" type=\"button\">VER MAIS<\/button><\/a><\/p>\n","protected":false},"excerpt":{"rendered":"<p>Cegueira \u2013 A culpa \u00e9 da m\u00e3e! &nbsp; &nbsp; Um grupo de pesquisa da Universidade de Helsinque, UC Davis e Universidade de Jyv\u00e4skyl\u00e4 descreveram uma nova causa gen\u00e9tica para a doen\u00e7a ocular cong\u00e9nita canina. J\u00e1 era de conhecimento cient\u00edfico que defeitos no gene RBP4 levavam a defici\u00eancias de vitamina A.Por\u00e9m, por aplica\u00e7\u00e3o de t\u00e9cnicas espec\u00edficas, [&hellip;]<\/p>\n","protected":false},"author":3,"featured_media":0,"comment_status":"open","ping_status":"open","sticky":false,"template":"","format":"standard","meta":{"_monsterinsights_skip_tracking":false,"_monsterinsights_sitenote_active":false,"_monsterinsights_sitenote_note":"","_monsterinsights_sitenote_category":0,"footnotes":""},"categories":[1],"tags":[],"_links":{"self":[{"href":"https:\/\/www.improveinternational.com\/ambassador\/wp-json\/wp\/v2\/posts\/2006"}],"collection":[{"href":"https:\/\/www.improveinternational.com\/ambassador\/wp-json\/wp\/v2\/posts"}],"about":[{"href":"https:\/\/www.improveinternational.com\/ambassador\/wp-json\/wp\/v2\/types\/post"}],"author":[{"embeddable":true,"href":"https:\/\/www.improveinternational.com\/ambassador\/wp-json\/wp\/v2\/users\/3"}],"replies":[{"embeddable":true,"href":"https:\/\/www.improveinternational.com\/ambassador\/wp-json\/wp\/v2\/comments?post=2006"}],"version-history":[{"count":2,"href":"https:\/\/www.improveinternational.com\/ambassador\/wp-json\/wp\/v2\/posts\/2006\/revisions"}],"predecessor-version":[{"id":2008,"href":"https:\/\/www.improveinternational.com\/ambassador\/wp-json\/wp\/v2\/posts\/2006\/revisions\/2008"}],"wp:attachment":[{"href":"https:\/\/www.improveinternational.com\/ambassador\/wp-json\/wp\/v2\/media?parent=2006"}],"wp:term":[{"taxonomy":"category","embeddable":true,"href":"https:\/\/www.improveinternational.com\/ambassador\/wp-json\/wp\/v2\/categories?post=2006"},{"taxonomy":"post_tag","embeddable":true,"href":"https:\/\/www.improveinternational.com\/ambassador\/wp-json\/wp\/v2\/tags?post=2006"}],"curies":[{"name":"wp","href":"https:\/\/api.w.org\/{rel}","templated":true}]}}