{"id":2066,"date":"2018-07-24T12:31:45","date_gmt":"2018-07-24T11:31:45","guid":{"rendered":"http:\/\/www.improveinternational.com\/ambassador\/?p=2066"},"modified":"2018-07-24T12:31:45","modified_gmt":"2018-07-24T11:31:45","slug":"de-mal-a-pior","status":"publish","type":"post","link":"https:\/\/www.improveinternational.com\/ambassador\/2018\/07\/24\/de-mal-a-pior\/","title":{"rendered":"De mal\u2026 a pior?"},"content":{"rendered":"<h3><strong>De mal\u2026 a pior?<\/strong><\/h3>\n<p>&nbsp;<\/p>\n<p style=\"text-align: center;\"><img loading=\"lazy\" decoding=\"async\" src=\"http:\/\/www.improveinternational.com\/ambassador\/wp-content\/uploads\/2018\/07\/toupeira.png\" width=\"350\" height=\"350\" border=\"0\" \/><\/p>\n<p>&nbsp;<\/p>\n<p>Este mam\u00edfero insect\u00edvoro end\u00e9mico do nordeste de Portugal, centro e norte de Espanha e regi\u00e3o dos Piren\u00e9us est\u00e1 a desaparecer a um ritmo alarmante. Quem o diz s\u00e3o investigadores do Centro de Investiga\u00e7\u00e3o em Biodiversidade e Recursos G\u00e9neticos (Cibio-InBio) da Universidade do Porto. Ap\u00f3s recolher dados de distribui\u00e7\u00e3o geogr\u00e1fica em 74 locais das bacias hidrogr\u00e1ficas do Tua e Sabor, afluentes do rio Douro, e criar mapas estat\u00edsticos para mapear prov\u00e1veis ocorr\u00eancias, os cientistas chegaram \u00e0 conclus\u00e3o que esta esp\u00e9cie teve uma taxa de extin\u00e7\u00e3o de 63,5%, comparativamente a um estudo anterior realizado entre 1993 e 1996.<br \/>\nEsta esp\u00e9cie \u00e9 fortemente dependente de zonas designadas por cabeceiras, locais de nascentes em ambiente montanhoso. A desfloresta\u00e7\u00e3o, constru\u00e7\u00e3o de barragens e a polui\u00e7\u00e3o apresentam-se como os principais desafios \u00e0 sobreviv\u00eancia desta esp\u00e9cie e por isso, preservar estes locais especiais torna-se fundamental para proporcionar condi\u00e7\u00f5es ideias para a toupeira-de-\u00e1gua.<\/p>\n<p style=\"margin-top: 30px;\"><a class=\"button_full\" href=\"https:\/\/www.publico.pt\/2018\/06\/20\/ciencia\/noticia\/toupeiradeagua-esta-a-desaparecer-do-nordeste-de-portugal-1835245\">VER MAIS<\/button><\/a><\/p>\n","protected":false},"excerpt":{"rendered":"<p>De mal\u2026 a pior? &nbsp; &nbsp; Este mam\u00edfero insect\u00edvoro end\u00e9mico do nordeste de Portugal, centro e norte de Espanha e regi\u00e3o dos Piren\u00e9us est\u00e1 a desaparecer a um ritmo alarmante. Quem o diz s\u00e3o investigadores do Centro de Investiga\u00e7\u00e3o em Biodiversidade e Recursos G\u00e9neticos (Cibio-InBio) da Universidade do Porto. Ap\u00f3s recolher dados de distribui\u00e7\u00e3o geogr\u00e1fica [&hellip;]<\/p>\n","protected":false},"author":3,"featured_media":0,"comment_status":"open","ping_status":"open","sticky":false,"template":"","format":"standard","meta":{"_monsterinsights_skip_tracking":false,"_monsterinsights_sitenote_active":false,"_monsterinsights_sitenote_note":"","_monsterinsights_sitenote_category":0,"footnotes":""},"categories":[1],"tags":[],"_links":{"self":[{"href":"https:\/\/www.improveinternational.com\/ambassador\/wp-json\/wp\/v2\/posts\/2066"}],"collection":[{"href":"https:\/\/www.improveinternational.com\/ambassador\/wp-json\/wp\/v2\/posts"}],"about":[{"href":"https:\/\/www.improveinternational.com\/ambassador\/wp-json\/wp\/v2\/types\/post"}],"author":[{"embeddable":true,"href":"https:\/\/www.improveinternational.com\/ambassador\/wp-json\/wp\/v2\/users\/3"}],"replies":[{"embeddable":true,"href":"https:\/\/www.improveinternational.com\/ambassador\/wp-json\/wp\/v2\/comments?post=2066"}],"version-history":[{"count":1,"href":"https:\/\/www.improveinternational.com\/ambassador\/wp-json\/wp\/v2\/posts\/2066\/revisions"}],"predecessor-version":[{"id":2067,"href":"https:\/\/www.improveinternational.com\/ambassador\/wp-json\/wp\/v2\/posts\/2066\/revisions\/2067"}],"wp:attachment":[{"href":"https:\/\/www.improveinternational.com\/ambassador\/wp-json\/wp\/v2\/media?parent=2066"}],"wp:term":[{"taxonomy":"category","embeddable":true,"href":"https:\/\/www.improveinternational.com\/ambassador\/wp-json\/wp\/v2\/categories?post=2066"},{"taxonomy":"post_tag","embeddable":true,"href":"https:\/\/www.improveinternational.com\/ambassador\/wp-json\/wp\/v2\/tags?post=2066"}],"curies":[{"name":"wp","href":"https:\/\/api.w.org\/{rel}","templated":true}]}}