{"id":2328,"date":"2018-09-18T11:24:26","date_gmt":"2018-09-18T10:24:26","guid":{"rendered":"http:\/\/www.improveinternational.com\/ambassador\/?p=2328"},"modified":"2018-09-18T11:30:27","modified_gmt":"2018-09-18T10:30:27","slug":"2328","status":"publish","type":"post","link":"https:\/\/www.improveinternational.com\/ambassador\/2018\/09\/18\/2328\/","title":{"rendered":"Olfacto Canino Fant\u00e1stico? C\u00e9lulas Tronco!"},"content":{"rendered":"<h3><strong>Olfacto Canino Fant\u00e1stico? C\u00e9lulas Tronco!<\/strong><\/h3>\n<p style=\"text-align: center;\"><img loading=\"lazy\" decoding=\"async\" src=\"http:\/\/www.improveinternational.com\/ambassador\/wp-content\/uploads\/2018\/09\/2d.png\" width=\"350\" height=\"350\" border=\"0\" \/><\/p>\n<p>&nbsp;<\/p>\n<p>Porque \u00e9 que alguns animais desenvolvem olfatos t\u00e3o caprichosos, como os c\u00e3es, e outros ficam presos em limites bem mais reduzidos, como os humanos?<br \/>\nUm estudo publicado no in\u00edcio deste m\u00eas de Agosto na Developmental Cell demonstra que a resposta pode se encontrar na exist\u00eancia de uma nova c\u00e9lula-tronco que participa no desenvolvimento do epit\u00e9lio olfativo.<br \/>\n\u00c9 conhecido que este epit\u00e9lio \u00e9 essencial para o sentido do olfato do animal, integrando em si v\u00e1rias c\u00e9lulas nervosas especializadas que se ligam a mol\u00e9culas de odor, ativando-se e enviando sinais ao c\u00e9rebro, que interpreta os mesmos como cheiros caracter\u00edsticos.<br \/>\nNos seres humanos, este epit\u00e9lio \u00e9 relativamente pequeno quando comparado com os c\u00e3es: nestes \u00faltimos, h\u00e1 uma extens\u00e3o desta camada pelas protuber\u00e2ncias da cavidade nasal, as conchas nasais, aumentando a \u00e1rea de superf\u00edcie e a capacidade olfativa do animal.<br \/>\nDurante as pesquisas em Ornitz, descritas no artigo referenciado no primeiro par\u00e1grafo, foi ent\u00e3o descoberta uma nova c\u00e9lula-tronco ligada ao desenvolvimento do epit\u00e9lio olfativo e crescimento das conchas nasais, tecnicamente designadas como c\u00e9lulas FEP. Quanto mais complexas estas c\u00e9lulas e maior o seu n\u00famero e influ\u00eancia org\u00e2nica, mais desenvolvido e complexo ser\u00e1 o epit\u00e9lio olfativo e, consequentemente, h\u00e1 varia\u00e7\u00e3o entre esp\u00e9cies na capacidade olfativa de cada uma.<\/p>\n<p style=\"margin-top: 30px;\"><a class=\"button_full\" href=\"https:\/\/www.sciencedirect.com\/science\/article\/pii\/S1534580718305951?via%3Dihub\">VER MAIS<\/button><\/a><\/p>\n","protected":false},"excerpt":{"rendered":"<p>Olfacto Canino Fant\u00e1stico? C\u00e9lulas Tronco! &nbsp; Porque \u00e9 que alguns animais desenvolvem olfatos t\u00e3o caprichosos, como os c\u00e3es, e outros ficam presos em limites bem mais reduzidos, como os humanos? Um estudo publicado no in\u00edcio deste m\u00eas de Agosto na Developmental Cell demonstra que a resposta pode se encontrar na exist\u00eancia de uma nova c\u00e9lula-tronco [&hellip;]<\/p>\n","protected":false},"author":3,"featured_media":0,"comment_status":"open","ping_status":"open","sticky":false,"template":"","format":"standard","meta":{"_monsterinsights_skip_tracking":false,"_monsterinsights_sitenote_active":false,"_monsterinsights_sitenote_note":"","_monsterinsights_sitenote_category":0,"footnotes":""},"categories":[1],"tags":[],"_links":{"self":[{"href":"https:\/\/www.improveinternational.com\/ambassador\/wp-json\/wp\/v2\/posts\/2328"}],"collection":[{"href":"https:\/\/www.improveinternational.com\/ambassador\/wp-json\/wp\/v2\/posts"}],"about":[{"href":"https:\/\/www.improveinternational.com\/ambassador\/wp-json\/wp\/v2\/types\/post"}],"author":[{"embeddable":true,"href":"https:\/\/www.improveinternational.com\/ambassador\/wp-json\/wp\/v2\/users\/3"}],"replies":[{"embeddable":true,"href":"https:\/\/www.improveinternational.com\/ambassador\/wp-json\/wp\/v2\/comments?post=2328"}],"version-history":[{"count":2,"href":"https:\/\/www.improveinternational.com\/ambassador\/wp-json\/wp\/v2\/posts\/2328\/revisions"}],"predecessor-version":[{"id":2335,"href":"https:\/\/www.improveinternational.com\/ambassador\/wp-json\/wp\/v2\/posts\/2328\/revisions\/2335"}],"wp:attachment":[{"href":"https:\/\/www.improveinternational.com\/ambassador\/wp-json\/wp\/v2\/media?parent=2328"}],"wp:term":[{"taxonomy":"category","embeddable":true,"href":"https:\/\/www.improveinternational.com\/ambassador\/wp-json\/wp\/v2\/categories?post=2328"},{"taxonomy":"post_tag","embeddable":true,"href":"https:\/\/www.improveinternational.com\/ambassador\/wp-json\/wp\/v2\/tags?post=2328"}],"curies":[{"name":"wp","href":"https:\/\/api.w.org\/{rel}","templated":true}]}}