{"id":2491,"date":"2018-10-16T11:36:22","date_gmt":"2018-10-16T10:36:22","guid":{"rendered":"http:\/\/www.improveinternational.com\/ambassador\/?p=2491"},"modified":"2018-10-16T11:37:48","modified_gmt":"2018-10-16T10:37:48","slug":"espanha-aposta-na-reintroducao-de-especies-extintas","status":"publish","type":"post","link":"https:\/\/www.improveinternational.com\/ambassador\/2018\/10\/16\/espanha-aposta-na-reintroducao-de-especies-extintas\/","title":{"rendered":"Espanha aposta na reintrodu\u00e7\u00e3o de esp\u00e9cies extintas"},"content":{"rendered":"<h3><strong>Espanha aposta na reintrodu\u00e7\u00e3o de esp\u00e9cies extintas<\/strong><\/h3>\n<p style=\"text-align: center;\"><img loading=\"lazy\" decoding=\"async\" src=\"http:\/\/www.improveinternational.com\/ambassador\/wp-content\/uploads\/2018\/10\/4E.png\" width=\"350\" height=\"350\" border=\"0\" \/><\/p>\n<p>&nbsp;<\/p>\n<p>A partir de 2015 foi desenvolvida uma lista de esp\u00e9cies aut\u00f3ctones espanholas j\u00e1 extintas. O objetivo \u00e9 perceber quais apresentam potencial para que sejam desenvolvidos programas de reintrodu\u00e7\u00e3o.<br \/>\nA lista \u00e9 agora conhecida e engloba 32 esp\u00e9cies, desde animais a plantas.<br \/>\nDe entre essas esp\u00e9cies conta-se, por exemplo, a foca-monge, cujos primeiros exemplares dever\u00e3o regressar \u00e0s Ilhas Can\u00e1rias entre 2019 e 2020, provenientes de col\u00f3nias ainda existentes na Maurit\u00e2nia. J\u00e1 de Fran\u00e7a dever\u00e3o chegar esturj\u00f5es com o objetivo de serem reintroduzidos no rio Ebro.<br \/>\nMiguel Aymerich, subdiretor-geral da Biodiversidade e Meio Natural do Minist\u00e9rio para a Transi\u00e7\u00e3o Ecol\u00f3gica, relembra que estes programas exigem intensos estudos sobre o habitat e as suas condi\u00e7\u00f5es de viabilidade, a intera\u00e7\u00e3o com as popula\u00e7\u00f5es humanas, a aceita\u00e7\u00e3o dessas popula\u00e7\u00f5es, entre outros. Um estudo para a reintrodu\u00e7\u00e3o do lince-europeu na regi\u00e3o dos Piren\u00e9us revelou que n\u00e3o era bem aceite pelos pastores e criadores de gado.<br \/>\nDe entre as esp\u00e9cies da lista consta ainda a \u00e1guia-rabalva, o galo-lira e a baleia-franca-do-atl\u00e2ntico-norte. Esta \u00faltima, que desapareceu devido ao excesso de ca\u00e7a, n\u00e3o pode ser reintroduzida com recurso a projetos de reprodu\u00e7\u00e3o e liberta\u00e7\u00e3o, mas espera-se que a melhoria do habitat atraia de novo estes mam\u00edferos para \u00e1guas espanholas.<\/p>\n<p style=\"margin-top: 30px;\"><a class=\"button_full\" href=\" https:\/\/www.wilder.pt\/historias\/espanha-abre-porta-reintroducao-32-especies-selvagens-ja-extintas\/ \">VER MAIS<\/a><\/p>\n","protected":false},"excerpt":{"rendered":"<p>Espanha aposta na reintrodu\u00e7\u00e3o de esp\u00e9cies extintas &nbsp; A partir de 2015 foi desenvolvida uma lista de esp\u00e9cies aut\u00f3ctones espanholas j\u00e1 extintas. O objetivo \u00e9 perceber quais apresentam potencial para que sejam desenvolvidos programas de reintrodu\u00e7\u00e3o. A lista \u00e9 agora conhecida e engloba 32 esp\u00e9cies, desde animais a plantas. De entre essas esp\u00e9cies conta-se, por [&hellip;]<\/p>\n","protected":false},"author":3,"featured_media":0,"comment_status":"open","ping_status":"open","sticky":false,"template":"","format":"standard","meta":{"_monsterinsights_skip_tracking":false,"_monsterinsights_sitenote_active":false,"_monsterinsights_sitenote_note":"","_monsterinsights_sitenote_category":0,"footnotes":""},"categories":[1],"tags":[],"_links":{"self":[{"href":"https:\/\/www.improveinternational.com\/ambassador\/wp-json\/wp\/v2\/posts\/2491"}],"collection":[{"href":"https:\/\/www.improveinternational.com\/ambassador\/wp-json\/wp\/v2\/posts"}],"about":[{"href":"https:\/\/www.improveinternational.com\/ambassador\/wp-json\/wp\/v2\/types\/post"}],"author":[{"embeddable":true,"href":"https:\/\/www.improveinternational.com\/ambassador\/wp-json\/wp\/v2\/users\/3"}],"replies":[{"embeddable":true,"href":"https:\/\/www.improveinternational.com\/ambassador\/wp-json\/wp\/v2\/comments?post=2491"}],"version-history":[{"count":1,"href":"https:\/\/www.improveinternational.com\/ambassador\/wp-json\/wp\/v2\/posts\/2491\/revisions"}],"predecessor-version":[{"id":2492,"href":"https:\/\/www.improveinternational.com\/ambassador\/wp-json\/wp\/v2\/posts\/2491\/revisions\/2492"}],"wp:attachment":[{"href":"https:\/\/www.improveinternational.com\/ambassador\/wp-json\/wp\/v2\/media?parent=2491"}],"wp:term":[{"taxonomy":"category","embeddable":true,"href":"https:\/\/www.improveinternational.com\/ambassador\/wp-json\/wp\/v2\/categories?post=2491"},{"taxonomy":"post_tag","embeddable":true,"href":"https:\/\/www.improveinternational.com\/ambassador\/wp-json\/wp\/v2\/tags?post=2491"}],"curies":[{"name":"wp","href":"https:\/\/api.w.org\/{rel}","templated":true}]}}