{"id":2531,"date":"2018-10-24T12:17:07","date_gmt":"2018-10-24T11:17:07","guid":{"rendered":"http:\/\/www.improveinternational.com\/ambassador\/?p=2531"},"modified":"2018-10-24T12:17:07","modified_gmt":"2018-10-24T11:17:07","slug":"do-gatil-para-a-escola","status":"publish","type":"post","link":"https:\/\/www.improveinternational.com\/ambassador\/2018\/10\/24\/do-gatil-para-a-escola\/","title":{"rendered":"Do gatil para a escola"},"content":{"rendered":"<h3><strong>Do gatil para a escola<\/strong><\/h3>\n<p style=\"text-align: center;\"><img loading=\"lazy\" decoding=\"async\" src=\"http:\/\/www.improveinternational.com\/ambassador\/wp-content\/uploads\/2018\/10\/4I.png \" width=\"350\" height=\"350\" border=\"0\" \/><\/p>\n<p>&nbsp;<\/p>\n<p>\u00c9 um projeto do servi\u00e7o M\u00e9dico Veterin\u00e1rio de Coimbra e promove a que os estabelecimentos de ensino adotem gatos que se encontram no gatil municipal. Neste caso Didi, tamb\u00e9m conhecido por s\u00f3 ter uma orelha, foi colocado na Escola do Dianteiro. Tinha 4 meses na altura e foi acolhido pela escola, ganhando 28 novos tutores. O seu nome foi escolhido por vota\u00e7\u00e3o entre as crian\u00e7as da escola, e pode ser visto a andar pelo recreio ou a passar por entre as salas de aula, escolhendo a que mais lhe conv\u00e9m naquele momento. No gatil foi ficando para tr\u00e1s devido \u00e0 falta de orelha, mas na escola encontrou a sua casa. \u201cPens\u00e1mos que os gatos poderiam ir para as escolas para [as crian\u00e7as] desenvolverem compet\u00eancias de educa\u00e7\u00e3o ambiental e de responsabiliza\u00e7\u00e3o\u201d, referiu Vera Fernandes, secret\u00e1ria de apoio ao vereador Francisco Queir\u00f3s, respons\u00e1vel pelo pelouro do gabinete m\u00e9dico-veterin\u00e1rio. Antes da inser\u00e7\u00e3o do gato no ambiente escolar este foi desparasitado, castrado e vacinado, tendo estado tamb\u00e9m em fam\u00edlias de acolhimento com crian\u00e7as de forma a habituar-se \u00e0s mesmas. Foi feita uma an\u00e1lise e chegou-se \u00e0 conclus\u00e3o que o Didi era uma boa op\u00e7\u00e3o para ser inserido no ambiente escolar. Foi garantido tamb\u00e9m o seguimento do animal em cl\u00ednicas veterin\u00e1rias gratuitamente. Na escola o Didi foi integrado para a exposi\u00e7\u00e3o de v\u00e1rios temas atuais \u00e0s crian\u00e7as tais como o respeito pelos animais, a reciclagem &#8211; sendo que a cama e os brinquedos devem ser criados a partir de materiais reutiliz\u00e1veis, e a parte da aceita\u00e7\u00e3o social devido \u00e0 sua \u201cdiferen\u00e7a\u201d, ou seja, o facto de n\u00e3o ter uma orelha n\u00e3o significa que n\u00e3o o devemos adotar e cuidar. Lu\u00eds Bidarra, professor da turma de 3\u00ba e 4\u00ba ano, refere que as crian\u00e7as j\u00e1 come\u00e7am a ficar sensibilizadas, entendendo que \u201co gato assusta-se quando gritam\u201d e que \u00e9 preciso \u201cbrincar com respeito\u201d. No fim-de-semana h\u00e1 volunt\u00e1rios que levam o Didi para casa para este \u201cn\u00e3o se sentir sozinho\u201d. Para al\u00e9m da Escola do Dianteiro, tamb\u00e9m o lar da Casa dos Pobres, em Coimbra, j\u00e1 tem com um novo felino.<\/p>\n","protected":false},"excerpt":{"rendered":"<p>Do gatil para a escola &nbsp; \u00c9 um projeto do servi\u00e7o M\u00e9dico Veterin\u00e1rio de Coimbra e promove a que os estabelecimentos de ensino adotem gatos que se encontram no gatil municipal. Neste caso Didi, tamb\u00e9m conhecido por s\u00f3 ter uma orelha, foi colocado na Escola do Dianteiro. Tinha 4 meses na altura e foi acolhido [&hellip;]<\/p>\n","protected":false},"author":3,"featured_media":0,"comment_status":"open","ping_status":"open","sticky":false,"template":"","format":"standard","meta":{"_monsterinsights_skip_tracking":false,"_monsterinsights_sitenote_active":false,"_monsterinsights_sitenote_note":"","_monsterinsights_sitenote_category":0,"footnotes":""},"categories":[1],"tags":[],"_links":{"self":[{"href":"https:\/\/www.improveinternational.com\/ambassador\/wp-json\/wp\/v2\/posts\/2531"}],"collection":[{"href":"https:\/\/www.improveinternational.com\/ambassador\/wp-json\/wp\/v2\/posts"}],"about":[{"href":"https:\/\/www.improveinternational.com\/ambassador\/wp-json\/wp\/v2\/types\/post"}],"author":[{"embeddable":true,"href":"https:\/\/www.improveinternational.com\/ambassador\/wp-json\/wp\/v2\/users\/3"}],"replies":[{"embeddable":true,"href":"https:\/\/www.improveinternational.com\/ambassador\/wp-json\/wp\/v2\/comments?post=2531"}],"version-history":[{"count":1,"href":"https:\/\/www.improveinternational.com\/ambassador\/wp-json\/wp\/v2\/posts\/2531\/revisions"}],"predecessor-version":[{"id":2532,"href":"https:\/\/www.improveinternational.com\/ambassador\/wp-json\/wp\/v2\/posts\/2531\/revisions\/2532"}],"wp:attachment":[{"href":"https:\/\/www.improveinternational.com\/ambassador\/wp-json\/wp\/v2\/media?parent=2531"}],"wp:term":[{"taxonomy":"category","embeddable":true,"href":"https:\/\/www.improveinternational.com\/ambassador\/wp-json\/wp\/v2\/categories?post=2531"},{"taxonomy":"post_tag","embeddable":true,"href":"https:\/\/www.improveinternational.com\/ambassador\/wp-json\/wp\/v2\/tags?post=2531"}],"curies":[{"name":"wp","href":"https:\/\/api.w.org\/{rel}","templated":true}]}}