{"id":2767,"date":"2018-12-17T13:00:00","date_gmt":"2018-12-17T13:00:00","guid":{"rendered":"http:\/\/www.improveinternational.com\/ambassador\/?p=2767"},"modified":"2018-12-17T13:00:00","modified_gmt":"2018-12-17T13:00:00","slug":"caes-e-o-reconhecimento-de-emocoes","status":"publish","type":"post","link":"https:\/\/www.improveinternational.com\/ambassador\/2018\/12\/17\/caes-e-o-reconhecimento-de-emocoes\/","title":{"rendered":"C\u00e3es e o Reconhecimento de Emo\u00e7\u00f5es"},"content":{"rendered":"<h3><strong>C\u00e3es e o Reconhecimento de Emo\u00e7\u00f5es<\/strong><\/h3>\n<p style=\"text-align: center;\"><img loading=\"lazy\" decoding=\"async\" src=\"http:\/\/www.improveinternational.com\/ambassador\/wp-content\/uploads\/2018\/12\/2.png\" width=\"350\" height=\"350\" border=\"0\" \/><\/p>\n<p>&nbsp;<\/p>\n<p>O estudo \u00e9 de um bi\u00f3logo de Viena, \u00c1ustria, que treinou onze c\u00e3es para tocar numa tela onde se encontravam rostos felizes e zangados. Estes foram treinados para reconhecer as express\u00f5es mesmo sem a visualiza\u00e7\u00e3o total do rosto o que os obrigava a detetar outras diferen\u00e7as entre as express\u00f5es, como por exemplo, as rugas que aparecem na testa quando nos zangamos.<br \/>\nOs pesquisadores do estudo ainda n\u00e3o sabem, ao certo, se esta capacidade \u00e9 devida a experi\u00eancias passadas ou devido ao processo de domestica\u00e7\u00e3o. Atualmente, a liga\u00e7\u00e3o entre as pessoas e os c\u00e3es s\u00e3o muito pr\u00f3ximas uma vez que est\u00e3o juntos h\u00e1 tantos milhares de anos.<br \/>\nO bi\u00f3logo planeia, futuramente, analisar estas quest\u00f5es da domestica\u00e7\u00e3o e o seu papel na capacidade de os c\u00e3es lerem express\u00f5es humanas. Planeja, tamb\u00e9m, alargar o estudo para outras esp\u00e9cies, tais como gatos, porcos e lobos dom\u00e9sticos.<\/p>\n<p style=\"margin-top: 30px;\"><a class=\"button_full\" href=\"https:\/\/news.nationalgeographic.com\/2015\/02\/150212-dogs-human-emotion-happy-angry-animals-science\/ \">VER MAIS<\/a><\/p>\n","protected":false},"excerpt":{"rendered":"<p>C\u00e3es e o Reconhecimento de Emo\u00e7\u00f5es &nbsp; O estudo \u00e9 de um bi\u00f3logo de Viena, \u00c1ustria, que treinou onze c\u00e3es para tocar numa tela onde se encontravam rostos felizes e zangados. Estes foram treinados para reconhecer as express\u00f5es mesmo sem a visualiza\u00e7\u00e3o total do rosto o que os obrigava a detetar outras diferen\u00e7as entre as [&hellip;]<\/p>\n","protected":false},"author":3,"featured_media":0,"comment_status":"open","ping_status":"open","sticky":false,"template":"","format":"standard","meta":{"_monsterinsights_skip_tracking":false,"_monsterinsights_sitenote_active":false,"_monsterinsights_sitenote_note":"","_monsterinsights_sitenote_category":0,"footnotes":""},"categories":[1],"tags":[],"_links":{"self":[{"href":"https:\/\/www.improveinternational.com\/ambassador\/wp-json\/wp\/v2\/posts\/2767"}],"collection":[{"href":"https:\/\/www.improveinternational.com\/ambassador\/wp-json\/wp\/v2\/posts"}],"about":[{"href":"https:\/\/www.improveinternational.com\/ambassador\/wp-json\/wp\/v2\/types\/post"}],"author":[{"embeddable":true,"href":"https:\/\/www.improveinternational.com\/ambassador\/wp-json\/wp\/v2\/users\/3"}],"replies":[{"embeddable":true,"href":"https:\/\/www.improveinternational.com\/ambassador\/wp-json\/wp\/v2\/comments?post=2767"}],"version-history":[{"count":1,"href":"https:\/\/www.improveinternational.com\/ambassador\/wp-json\/wp\/v2\/posts\/2767\/revisions"}],"predecessor-version":[{"id":2768,"href":"https:\/\/www.improveinternational.com\/ambassador\/wp-json\/wp\/v2\/posts\/2767\/revisions\/2768"}],"wp:attachment":[{"href":"https:\/\/www.improveinternational.com\/ambassador\/wp-json\/wp\/v2\/media?parent=2767"}],"wp:term":[{"taxonomy":"category","embeddable":true,"href":"https:\/\/www.improveinternational.com\/ambassador\/wp-json\/wp\/v2\/categories?post=2767"},{"taxonomy":"post_tag","embeddable":true,"href":"https:\/\/www.improveinternational.com\/ambassador\/wp-json\/wp\/v2\/tags?post=2767"}],"curies":[{"name":"wp","href":"https:\/\/api.w.org\/{rel}","templated":true}]}}