{"id":2784,"date":"2018-12-19T17:17:29","date_gmt":"2018-12-19T17:17:29","guid":{"rendered":"http:\/\/www.improveinternational.com\/ambassador\/?p=2784"},"modified":"2018-12-19T17:17:29","modified_gmt":"2018-12-19T17:17:29","slug":"apaga-as-luzes-que-vai-passar-a-cagarra","status":"publish","type":"post","link":"https:\/\/www.improveinternational.com\/ambassador\/2018\/12\/19\/apaga-as-luzes-que-vai-passar-a-cagarra\/","title":{"rendered":"\u201cApaga as luzes que vai passar a cagarra\u201d"},"content":{"rendered":"<h3><strong>\u201cApaga as luzes que vai passar a cagarra\u201d<\/strong><\/h3>\n<p style=\"text-align: center;\"><img loading=\"lazy\" decoding=\"async\" src=\"http:\/\/www.improveinternational.com\/ambassador\/wp-content\/uploads\/2018\/12\/2E.png\" width=\"350\" height=\"350\" border=\"0\" \/><\/p>\n<p>&nbsp;<\/p>\n<p>A cagarra \u00e9 uma ave marinha habitualmente avistada nos per\u00edodos de Agosto a Setembro e Fevereiro a Mar\u00e7o, picos da sua passagem migrat\u00f3ria por territ\u00f3rio portugu\u00eas. No entanto, a sua capacidade de orienta\u00e7\u00e3o est\u00e1 intimamente relacionada com a luz da lua e estrelas, pelo que a excessiva ilumina\u00e7\u00e3o citadina acaba por confundir estes animais, levando-os a cair em terra desorientados.<br \/>\nEste fen\u00f3meno tem sido registado h\u00e1 v\u00e1rios anos, e este ano decidiu-se implementar medidas mais eficazes nos A\u00e7ores. Por isso, at\u00e9 15 de Novembro, as autarquias a\u00e7orianas tentaram reduzir, dentro do poss\u00edvel, a ilumina\u00e7\u00e3o artificial, de forma a evitar a queda das cagarras atra\u00eddas pelos focos de luz. As aves que mesmo assim acabam por cair em terra foram resgatadas, avaliadas, identificadas e posteriormente libertadas pelas autoridades locais.<\/p>\n<p style=\"margin-top: 30px;\"><a class=\"button_full\" href=\"http:\/\/avesdeportugal.info\/caldio.html \">VER MAIS<\/a><\/p>\n","protected":false},"excerpt":{"rendered":"<p>\u201cApaga as luzes que vai passar a cagarra\u201d &nbsp; A cagarra \u00e9 uma ave marinha habitualmente avistada nos per\u00edodos de Agosto a Setembro e Fevereiro a Mar\u00e7o, picos da sua passagem migrat\u00f3ria por territ\u00f3rio portugu\u00eas. No entanto, a sua capacidade de orienta\u00e7\u00e3o est\u00e1 intimamente relacionada com a luz da lua e estrelas, pelo que a [&hellip;]<\/p>\n","protected":false},"author":3,"featured_media":0,"comment_status":"open","ping_status":"open","sticky":false,"template":"","format":"standard","meta":{"_monsterinsights_skip_tracking":false,"_monsterinsights_sitenote_active":false,"_monsterinsights_sitenote_note":"","_monsterinsights_sitenote_category":0,"footnotes":""},"categories":[1],"tags":[],"_links":{"self":[{"href":"https:\/\/www.improveinternational.com\/ambassador\/wp-json\/wp\/v2\/posts\/2784"}],"collection":[{"href":"https:\/\/www.improveinternational.com\/ambassador\/wp-json\/wp\/v2\/posts"}],"about":[{"href":"https:\/\/www.improveinternational.com\/ambassador\/wp-json\/wp\/v2\/types\/post"}],"author":[{"embeddable":true,"href":"https:\/\/www.improveinternational.com\/ambassador\/wp-json\/wp\/v2\/users\/3"}],"replies":[{"embeddable":true,"href":"https:\/\/www.improveinternational.com\/ambassador\/wp-json\/wp\/v2\/comments?post=2784"}],"version-history":[{"count":1,"href":"https:\/\/www.improveinternational.com\/ambassador\/wp-json\/wp\/v2\/posts\/2784\/revisions"}],"predecessor-version":[{"id":2785,"href":"https:\/\/www.improveinternational.com\/ambassador\/wp-json\/wp\/v2\/posts\/2784\/revisions\/2785"}],"wp:attachment":[{"href":"https:\/\/www.improveinternational.com\/ambassador\/wp-json\/wp\/v2\/media?parent=2784"}],"wp:term":[{"taxonomy":"category","embeddable":true,"href":"https:\/\/www.improveinternational.com\/ambassador\/wp-json\/wp\/v2\/categories?post=2784"},{"taxonomy":"post_tag","embeddable":true,"href":"https:\/\/www.improveinternational.com\/ambassador\/wp-json\/wp\/v2\/tags?post=2784"}],"curies":[{"name":"wp","href":"https:\/\/api.w.org\/{rel}","templated":true}]}}