{"id":2845,"date":"2018-12-31T12:26:43","date_gmt":"2018-12-31T12:26:43","guid":{"rendered":"http:\/\/www.improveinternational.com\/ambassador\/?p=2845"},"modified":"2018-12-31T12:26:43","modified_gmt":"2018-12-31T12:26:43","slug":"equinos-a-saude-comeca-pela-boca","status":"publish","type":"post","link":"https:\/\/www.improveinternational.com\/ambassador\/2018\/12\/31\/equinos-a-saude-comeca-pela-boca\/","title":{"rendered":"Equinos: A sa\u00fade come\u00e7a pela boca"},"content":{"rendered":"<h3><strong>Equinos: A sa\u00fade come\u00e7a pela boca<\/strong><\/h3>\n<p style=\"text-align: center;\"><img loading=\"lazy\" decoding=\"async\" src=\"http:\/\/www.improveinternational.com\/ambassador\/wp-content\/uploads\/2018\/12\/4-1.png\" width=\"350\" height=\"350\" border=\"0\" \/><\/p>\n<p>&nbsp;<\/p>\n<p>Uma vez que os cavalos passam muito tempo do seu dia a alimentar-se, mastigar bem e triturar o alimento \u00e9 muito importante manter a sua sa\u00fade oral. \u00c9 importante que os alimentos sejam muito bem mastigados para facilitar o trabalho do trato digestivo e, desta forma, obter o m\u00e1ximo de nutrientes presentes no alimento.<br \/>\nO tutor do animal nota que algo n\u00e3o est\u00e1 bem quando h\u00e1 uma certa dificuldade com a equita\u00e7\u00e3o do animal, uma vez que este apresenta apreens\u00e3o ao uso do freio. Tamb\u00e9m \u00e9 poss\u00edvel identificar problemas quando o animal deixa de comer ou at\u00e9 quando come, mas apresenta evid\u00eancias de perda de peso.<br \/>\nOs problemas dent\u00e1rios mais comuns s\u00e3o:<br \/>\n\u2022 Presen\u00e7a do dente de lobo \u2013 primeiro pr\u00e9-molar \u2013 num local indesejado, o que poder\u00e1 causar feridas nas bochechas e, em casos mais graves, dar origem a infe\u00e7\u00f5es e desconforto.<br \/>\n\u2022 Cauda de andorinha \u2013 aresta que surge do desgaste dos dentes incisivos \u2013 normalmente aparece por volta dos 7anos. Esta poder\u00e1 dificultar a tritura\u00e7\u00e3o dos alimentos e, por isso, dever\u00e1 ser verificada durante a vida do animal.<br \/>\n\u2022 Presen\u00e7a de um dente extra no diastema \u2013 espa\u00e7o entre os incisivos e os molares \u2013 o que poder\u00e1 dar muito desconforto e dor ao equino. A sua remo\u00e7\u00e3o \u00e9 aconselhada nestes casos.<br \/>\n\u2022 Presen\u00e7a de ganchos, que se formam quando os pr\u00e9-molares e molares se encontram desalinhados. Estes podem penetrar na parte superior da cavidade bucal.<br \/>\nOs sinais cl\u00ednicos mais comuns das afe\u00e7\u00f5es dent\u00e1rias s\u00e3o: sialorreia, dificuldades na mastiga\u00e7\u00e3o e na degluti\u00e7\u00e3o, presen\u00e7a de grandes por\u00e7\u00f5es de forragens e gr\u00e3os inteiros nas fezes e ocorr\u00eancia de perda de peso.<br \/>\nSendo estes problemas dent\u00e1rios recorrentes em equinos \u00e9 muito importante atuar para a sua preven\u00e7\u00e3o. Os dentes dever\u00e3o ser sempre alvo de observa\u00e7\u00e3o quando o cavalo se encontra em consulta e, desta forma, estas situa\u00e7\u00f5es poder\u00e3o ser descobertas precocemente e at\u00e9 mesmo evitadas.<\/p>\n<p style=\"margin-top: 30px;\"><a class=\"button_full\" href=\"http:\/\/www.revistaveterinaria.com.br\/2018\/08\/10\/a-importancia-dos-cuidados-com-os-dentes-dos-cavalos\/\">VER MAIS<\/a><\/p>\n","protected":false},"excerpt":{"rendered":"<p>Equinos: A sa\u00fade come\u00e7a pela boca &nbsp; Uma vez que os cavalos passam muito tempo do seu dia a alimentar-se, mastigar bem e triturar o alimento \u00e9 muito importante manter a sua sa\u00fade oral. \u00c9 importante que os alimentos sejam muito bem mastigados para facilitar o trabalho do trato digestivo e, desta forma, obter o [&hellip;]<\/p>\n","protected":false},"author":3,"featured_media":0,"comment_status":"open","ping_status":"open","sticky":false,"template":"","format":"standard","meta":{"_monsterinsights_skip_tracking":false,"_monsterinsights_sitenote_active":false,"_monsterinsights_sitenote_note":"","_monsterinsights_sitenote_category":0,"footnotes":""},"categories":[1],"tags":[],"_links":{"self":[{"href":"https:\/\/www.improveinternational.com\/ambassador\/wp-json\/wp\/v2\/posts\/2845"}],"collection":[{"href":"https:\/\/www.improveinternational.com\/ambassador\/wp-json\/wp\/v2\/posts"}],"about":[{"href":"https:\/\/www.improveinternational.com\/ambassador\/wp-json\/wp\/v2\/types\/post"}],"author":[{"embeddable":true,"href":"https:\/\/www.improveinternational.com\/ambassador\/wp-json\/wp\/v2\/users\/3"}],"replies":[{"embeddable":true,"href":"https:\/\/www.improveinternational.com\/ambassador\/wp-json\/wp\/v2\/comments?post=2845"}],"version-history":[{"count":1,"href":"https:\/\/www.improveinternational.com\/ambassador\/wp-json\/wp\/v2\/posts\/2845\/revisions"}],"predecessor-version":[{"id":2846,"href":"https:\/\/www.improveinternational.com\/ambassador\/wp-json\/wp\/v2\/posts\/2845\/revisions\/2846"}],"wp:attachment":[{"href":"https:\/\/www.improveinternational.com\/ambassador\/wp-json\/wp\/v2\/media?parent=2845"}],"wp:term":[{"taxonomy":"category","embeddable":true,"href":"https:\/\/www.improveinternational.com\/ambassador\/wp-json\/wp\/v2\/categories?post=2845"},{"taxonomy":"post_tag","embeddable":true,"href":"https:\/\/www.improveinternational.com\/ambassador\/wp-json\/wp\/v2\/tags?post=2845"}],"curies":[{"name":"wp","href":"https:\/\/api.w.org\/{rel}","templated":true}]}}