{"id":2935,"date":"2019-01-18T17:02:28","date_gmt":"2019-01-18T17:02:28","guid":{"rendered":"http:\/\/www.improveinternational.com\/ambassador\/?p=2935"},"modified":"2019-01-18T17:02:28","modified_gmt":"2019-01-18T17:02:28","slug":"alba-a-orangotango-albina-ja-regressou-a-casa","status":"publish","type":"post","link":"https:\/\/www.improveinternational.com\/ambassador\/2019\/01\/18\/alba-a-orangotango-albina-ja-regressou-a-casa\/","title":{"rendered":"Alba, a orangotango albina, j\u00e1 regressou a casa!"},"content":{"rendered":"<h3><strong>Alba, a orangotango albina, j\u00e1 regressou a casa!<\/strong><\/h3>\n<p style=\"text-align: center;\"><img loading=\"lazy\" decoding=\"async\" src=\"http:\/\/www.improveinternational.com\/ambassador\/wp-content\/uploads\/2019\/01\/AMBASSADOR-JAN-eduardo-caldas_fb.png\" width=\"350\" height=\"350\" border=\"0\" \/><\/p>\n<p>&nbsp;<\/p>\n<p>Alba foi resgatada na primavera de 2017, de uma vila no Born\u00e9u. Era mantida enjaulada, e encontrava-se desidratada, infestada de parasitas e subdesenvolvida para a sua idade. Rapidamente se tornou uma estrela da internet, com o seu pelo branco puro e os seus olhos azuis. Foi-lhe ent\u00e3o atribu\u00eddo o nome pelo qual \u00e9 agora conhecida.<br \/>\nDesde o seu resgate viveu na Borneo Orangutang Survival Foundation, onde recuperou at\u00e9 ser poss\u00edvel a sua devolu\u00e7\u00e3o \u00e0 natureza. Foi durante este percurso que conheceu Kika, outra f\u00eamea resgatada, com a qual formou uma liga\u00e7\u00e3o de amizade \u2013 tanto que foram libertadas em conjunto.<br \/>\nPara serem libertadas, Alba e Kika viajaram durante 16 horas, atravessando estradas lamacentas e ainda um percurso de barco. Agora vivem em liberdade no Parque Nacional Bukit Baka Bukit Raya, onde ser\u00e3o vigiadas atentamente durante os pr\u00f3ximos seis meses. Neste parque foram j\u00e1 libertados 114 animais pela mesma organiza\u00e7\u00e3o.<\/p>\n<p style=\"margin-top: 30px;\"><a class=\"button_full\" href=\"https:\/\/www.npr.org\/2018\/12\/21\/679166590\/alba-the-albino-orangutan-is-now-free-living-in-the-trees-again?fbclid=IwAR0TaRRVg-avFkPH0o0XeNd5eEOQJGw553QIsPrjbtySzTqI4X_0cYJ6i-Y\">VER MAIS<\/a><\/p>\n","protected":false},"excerpt":{"rendered":"<p>Alba, a orangotango albina, j\u00e1 regressou a casa! &nbsp; Alba foi resgatada na primavera de 2017, de uma vila no Born\u00e9u. Era mantida enjaulada, e encontrava-se desidratada, infestada de parasitas e subdesenvolvida para a sua idade. Rapidamente se tornou uma estrela da internet, com o seu pelo branco puro e os seus olhos azuis. Foi-lhe [&hellip;]<\/p>\n","protected":false},"author":3,"featured_media":0,"comment_status":"open","ping_status":"open","sticky":false,"template":"","format":"standard","meta":{"_monsterinsights_skip_tracking":false,"_monsterinsights_sitenote_active":false,"_monsterinsights_sitenote_note":"","_monsterinsights_sitenote_category":0,"footnotes":""},"categories":[1],"tags":[],"_links":{"self":[{"href":"https:\/\/www.improveinternational.com\/ambassador\/wp-json\/wp\/v2\/posts\/2935"}],"collection":[{"href":"https:\/\/www.improveinternational.com\/ambassador\/wp-json\/wp\/v2\/posts"}],"about":[{"href":"https:\/\/www.improveinternational.com\/ambassador\/wp-json\/wp\/v2\/types\/post"}],"author":[{"embeddable":true,"href":"https:\/\/www.improveinternational.com\/ambassador\/wp-json\/wp\/v2\/users\/3"}],"replies":[{"embeddable":true,"href":"https:\/\/www.improveinternational.com\/ambassador\/wp-json\/wp\/v2\/comments?post=2935"}],"version-history":[{"count":1,"href":"https:\/\/www.improveinternational.com\/ambassador\/wp-json\/wp\/v2\/posts\/2935\/revisions"}],"predecessor-version":[{"id":2936,"href":"https:\/\/www.improveinternational.com\/ambassador\/wp-json\/wp\/v2\/posts\/2935\/revisions\/2936"}],"wp:attachment":[{"href":"https:\/\/www.improveinternational.com\/ambassador\/wp-json\/wp\/v2\/media?parent=2935"}],"wp:term":[{"taxonomy":"category","embeddable":true,"href":"https:\/\/www.improveinternational.com\/ambassador\/wp-json\/wp\/v2\/categories?post=2935"},{"taxonomy":"post_tag","embeddable":true,"href":"https:\/\/www.improveinternational.com\/ambassador\/wp-json\/wp\/v2\/tags?post=2935"}],"curies":[{"name":"wp","href":"https:\/\/api.w.org\/{rel}","templated":true}]}}