{"id":3038,"date":"2019-02-14T17:06:58","date_gmt":"2019-02-14T17:06:58","guid":{"rendered":"http:\/\/www.improveinternational.com\/ambassador\/?p=3038"},"modified":"2019-02-14T17:06:58","modified_gmt":"2019-02-14T17:06:58","slug":"amesterdao-na-vanguarda-da-recuperacao-das-abelhas","status":"publish","type":"post","link":"https:\/\/www.improveinternational.com\/ambassador\/2019\/02\/14\/amesterdao-na-vanguarda-da-recuperacao-das-abelhas\/","title":{"rendered":"Amesterd\u00e3o na vanguarda da recupera\u00e7\u00e3o das abelhas"},"content":{"rendered":"<h3><strong>Amesterd\u00e3o na vanguarda da recupera\u00e7\u00e3o das abelhas<\/strong><\/h3>\n<p style=\"text-align: center;\"><img loading=\"lazy\" decoding=\"async\" src=\"http:\/\/www.improveinternational.com\/ambassador\/wp-content\/uploads\/2019\/02\/EC_4_fb.png\" width=\"350\" height=\"350\" border=\"0\" \/><\/p>\n<p>&nbsp;<\/p>\n<p>Apesar de essenciais para o funcionamento de todo o ecossistema, a verdade \u00e9 que as abelhas j\u00e1 viveram melhores dias e encontram-se atualmente em perigo. No entanto, em Amesterd\u00e3o a situa\u00e7\u00e3o j\u00e1 est\u00e1 a mudar. Ap\u00f3s ter sido criado um fundo de sustentabilidade, as condi\u00e7\u00f5es t\u00eam vindo a melhorar, n\u00e3o s\u00f3 para as abelhas como para todo o ecossistema.<br \/>\nA utiliza\u00e7\u00e3o de plantas nativas nos espa\u00e7os verdades, a substitui\u00e7\u00e3o de pesticidas por alternativas mais naturais, a constru\u00e7\u00e3o de estruturas que permitam \u00e0s abelhas fazer ninho e a instala\u00e7\u00e3o de telhados verdes nos edif\u00edcios s\u00e3o algumas das medidas adotadas. A coloca\u00e7\u00e3o destes telhados verdes, por exemplo, ajuda n\u00e3o s\u00f3 estes insetos, como tamb\u00e9m permite temperaturas mais est\u00e1veis dentro dos pr\u00f3prios edif\u00edcios. Estima-se que a popula\u00e7\u00e3o de abelhas na cidade tenha aumentado cerca de 45%.<\/p>\n<p style=\"margin-top: 30px;\"><a class=\"button_full\" href=\"https:\/\/www.theuniplanet.com\/2018\/11\/amesterdao-esta-salvar-abelhas-com-flores-silvestres-hoteis-insetos.html?fbclid=IwAR0b-J2URu3by58FUwdSFKJJAepTcUEJkdgHX0pRPy9Cq-sCVHsqkFOez44 \">VER MAIS<\/a><\/p>\n","protected":false},"excerpt":{"rendered":"<p>Amesterd\u00e3o na vanguarda da recupera\u00e7\u00e3o das abelhas &nbsp; Apesar de essenciais para o funcionamento de todo o ecossistema, a verdade \u00e9 que as abelhas j\u00e1 viveram melhores dias e encontram-se atualmente em perigo. No entanto, em Amesterd\u00e3o a situa\u00e7\u00e3o j\u00e1 est\u00e1 a mudar. Ap\u00f3s ter sido criado um fundo de sustentabilidade, as condi\u00e7\u00f5es t\u00eam vindo [&hellip;]<\/p>\n","protected":false},"author":3,"featured_media":0,"comment_status":"open","ping_status":"open","sticky":false,"template":"","format":"standard","meta":{"_monsterinsights_skip_tracking":false,"_monsterinsights_sitenote_active":false,"_monsterinsights_sitenote_note":"","_monsterinsights_sitenote_category":0,"footnotes":""},"categories":[1],"tags":[],"_links":{"self":[{"href":"https:\/\/www.improveinternational.com\/ambassador\/wp-json\/wp\/v2\/posts\/3038"}],"collection":[{"href":"https:\/\/www.improveinternational.com\/ambassador\/wp-json\/wp\/v2\/posts"}],"about":[{"href":"https:\/\/www.improveinternational.com\/ambassador\/wp-json\/wp\/v2\/types\/post"}],"author":[{"embeddable":true,"href":"https:\/\/www.improveinternational.com\/ambassador\/wp-json\/wp\/v2\/users\/3"}],"replies":[{"embeddable":true,"href":"https:\/\/www.improveinternational.com\/ambassador\/wp-json\/wp\/v2\/comments?post=3038"}],"version-history":[{"count":1,"href":"https:\/\/www.improveinternational.com\/ambassador\/wp-json\/wp\/v2\/posts\/3038\/revisions"}],"predecessor-version":[{"id":3039,"href":"https:\/\/www.improveinternational.com\/ambassador\/wp-json\/wp\/v2\/posts\/3038\/revisions\/3039"}],"wp:attachment":[{"href":"https:\/\/www.improveinternational.com\/ambassador\/wp-json\/wp\/v2\/media?parent=3038"}],"wp:term":[{"taxonomy":"category","embeddable":true,"href":"https:\/\/www.improveinternational.com\/ambassador\/wp-json\/wp\/v2\/categories?post=3038"},{"taxonomy":"post_tag","embeddable":true,"href":"https:\/\/www.improveinternational.com\/ambassador\/wp-json\/wp\/v2\/tags?post=3038"}],"curies":[{"name":"wp","href":"https:\/\/api.w.org\/{rel}","templated":true}]}}