{"id":3160,"date":"2019-03-19T17:09:53","date_gmt":"2019-03-19T17:09:53","guid":{"rendered":"http:\/\/www.improveinternational.com\/ambassador\/?p=3160"},"modified":"2019-03-19T17:09:53","modified_gmt":"2019-03-19T17:09:53","slug":"funcao-olfativa-dos-salmoes-em-risco","status":"publish","type":"post","link":"https:\/\/www.improveinternational.com\/ambassador\/2019\/03\/19\/funcao-olfativa-dos-salmoes-em-risco\/","title":{"rendered":"Fun\u00e7\u00e3o olfativa dos salm\u00f5es em risco?"},"content":{"rendered":"<h3><strong>Fun\u00e7\u00e3o olfativa dos salm\u00f5es em risco?<\/strong><\/h3>\n<p style=\"text-align: center;\"><img loading=\"lazy\" decoding=\"async\" src=\"http:\/\/www.improveinternational.com\/ambassador\/wp-content\/uploads\/2019\/03\/BH_2_fb.png\" width=\"350\" height=\"350\" border=\"0\" \/><\/p>\n<p>&nbsp;<\/p>\n<p>O salm\u00e3o prateado (Oncorhynchus kisutch) foi a esp\u00e9cie escolhida para estudo, cujo principal objetivo \u00e9 relacionar o aumento da acidifica\u00e7\u00e3o das \u00e1guas do mar com o seu sentido olfat\u00f3rio. Estes peixes dependem bastante do sentido olfativo uma vez que necessitam dele para se alimentarem, detetar predadores e para a sua pr\u00f3pria navega\u00e7\u00e3o.<br \/>\nForam colocados salm\u00f5es juvenis em tr\u00eas tanques distintos, com diferentes medidas de pH. O primeiro apresentava um pH equivalente ao atual, o segundo apresentou um pH mais \u00e1cido, correspondente ao pH previsto para daqui a 50 anos e, por fim, o terceiro correspondia ao pH previsto para daqui a 100 anos.<br \/>\nA certo momento do estudo, foi colocado em cada tanque um extrato de pele de salm\u00e3o, que mimetizava um ataque de um predador. No taque que representa o pH das \u00e1guas atuais os salm\u00f5es tiveram uma resposta de fuga ao \u201cpredador\u201d. J\u00e1 nos outros dois tanques tal n\u00e3o aconteceu. Os autores afirmam que, provavelmente, os salm\u00f5es que n\u00e3o responderam ao est\u00edmulo do \u201cpredador\u201d ainda possuem o sentido de olfato. No entanto, devido \u00e0s modifica\u00e7\u00f5es do pH da \u00e1gua \u2013 relacionados com aumentos progressivos de di\u00f3xido de carbono \u2013 poder\u00e3o ter existido mudan\u00e7as significativas na sinaliza\u00e7\u00e3o do bulbo olfat\u00f3rio.<br \/>\nEste \u00e9 um exemplo de um grande impacto ecol\u00f3gico devido ao aumento do di\u00f3xido de carbono e, consequentemente, da acidifica\u00e7\u00e3o da \u00e1gua dos oceanos.<\/p>\n<p style=\"margin-top: 30px;\"><a class=\"button_full\" href=\"https:\/\/onlinelibrary.wiley.com\/doi\/full\/10.1111\/gcb.14532\">VER MAIS<\/a><\/p>\n","protected":false},"excerpt":{"rendered":"<p>Fun\u00e7\u00e3o olfativa dos salm\u00f5es em risco? &nbsp; O salm\u00e3o prateado (Oncorhynchus kisutch) foi a esp\u00e9cie escolhida para estudo, cujo principal objetivo \u00e9 relacionar o aumento da acidifica\u00e7\u00e3o das \u00e1guas do mar com o seu sentido olfat\u00f3rio. Estes peixes dependem bastante do sentido olfativo uma vez que necessitam dele para se alimentarem, detetar predadores e para [&hellip;]<\/p>\n","protected":false},"author":3,"featured_media":0,"comment_status":"open","ping_status":"open","sticky":false,"template":"","format":"standard","meta":{"_monsterinsights_skip_tracking":false,"_monsterinsights_sitenote_active":false,"_monsterinsights_sitenote_note":"","_monsterinsights_sitenote_category":0,"footnotes":""},"categories":[1],"tags":[],"_links":{"self":[{"href":"https:\/\/www.improveinternational.com\/ambassador\/wp-json\/wp\/v2\/posts\/3160"}],"collection":[{"href":"https:\/\/www.improveinternational.com\/ambassador\/wp-json\/wp\/v2\/posts"}],"about":[{"href":"https:\/\/www.improveinternational.com\/ambassador\/wp-json\/wp\/v2\/types\/post"}],"author":[{"embeddable":true,"href":"https:\/\/www.improveinternational.com\/ambassador\/wp-json\/wp\/v2\/users\/3"}],"replies":[{"embeddable":true,"href":"https:\/\/www.improveinternational.com\/ambassador\/wp-json\/wp\/v2\/comments?post=3160"}],"version-history":[{"count":1,"href":"https:\/\/www.improveinternational.com\/ambassador\/wp-json\/wp\/v2\/posts\/3160\/revisions"}],"predecessor-version":[{"id":3161,"href":"https:\/\/www.improveinternational.com\/ambassador\/wp-json\/wp\/v2\/posts\/3160\/revisions\/3161"}],"wp:attachment":[{"href":"https:\/\/www.improveinternational.com\/ambassador\/wp-json\/wp\/v2\/media?parent=3160"}],"wp:term":[{"taxonomy":"category","embeddable":true,"href":"https:\/\/www.improveinternational.com\/ambassador\/wp-json\/wp\/v2\/categories?post=3160"},{"taxonomy":"post_tag","embeddable":true,"href":"https:\/\/www.improveinternational.com\/ambassador\/wp-json\/wp\/v2\/tags?post=3160"}],"curies":[{"name":"wp","href":"https:\/\/api.w.org\/{rel}","templated":true}]}}