{"id":3214,"date":"2019-04-03T22:17:24","date_gmt":"2019-04-03T21:17:24","guid":{"rendered":"http:\/\/www.improveinternational.com\/ambassador\/?p=3214"},"modified":"2019-04-03T22:17:24","modified_gmt":"2019-04-03T21:17:24","slug":"aumento-de-niveis-co2-pode-levar-a-perda-de-olfato","status":"publish","type":"post","link":"https:\/\/www.improveinternational.com\/ambassador\/2019\/04\/03\/aumento-de-niveis-co2-pode-levar-a-perda-de-olfato\/","title":{"rendered":"Aumento de n\u00edveis CO2 pode levar a perda de olfato?"},"content":{"rendered":"<h3><strong>Aumento de n\u00edveis CO2 pode levar a perda de olfato?<\/strong><\/h3>\n<p style=\"text-align: center;\"><img loading=\"lazy\" decoding=\"async\" src=\"http:\/\/www.improveinternational.com\/ambassador\/wp-content\/uploads\/2019\/04\/DL_5_fb.png \" width=\"350\" height=\"350\" border=\"0\" \/><\/p>\n<p>&nbsp;<\/p>\n<p>\u00c9 de esperar que o aumento dos n\u00edveis de CO2 atmosf\u00e9ricos influenciem as concentra\u00e7\u00f5es de CO2 no oceano, pelo que foi colocada a hip\u00f3tese destas altera\u00e7\u00f5es influenciarem a capacidade de olfato dos animais marinhos.<br \/>\nPara responder a esta tese, foram estudadas as capacidades olfativas do salm\u00e3o-prateado. O salm\u00e3o-prateado tem este sentido muito desenvolvido para poder perseguir as suas presas, encontrar companheiros e orientar-se quando \u00e9 altura da desova para montante dos tra\u00e7os de \u00e1gua.<br \/>\nDe acordo com um estudo publicado neste \u00faltimo m\u00eas de Dezembro na Global Change Biology, o comprometimento desta capacidade sensorial nestes animais representa uma grave amea\u00e7a \u00e0 esp\u00e9cie.<br \/>\nAssim, foram realizadas experi\u00eancias laboratoriais em que popula\u00e7\u00f5es destes peixes foram colocadas em contacto com \u00e1guas progressivamente acidificadas (por n\u00edveis elevados de CO2) &#8211; verificou-se como resultado a inibi\u00e7\u00e3o sensorial dos salm\u00f5es.<br \/>\nPara estes testes, foram usados salm\u00f5es-prateados jovens expostos a tr\u00eas n\u00edveis diferentes de acidez durante duas semanas. Ap\u00f3s este per\u00edodo, os animais foram submetidos a uma s\u00e9rie de testes comportamentais e neurais.<br \/>\nUm dos testes era a exposi\u00e7\u00e3o dos tr\u00eas diferentes grupos ao extrato de pele de salm\u00e3o, que sinalizaria a aproxima\u00e7\u00e3o de um predador e cuja resposta esperada seria, consequentemente, a fuga. Por\u00e9m, peixes expostos a altos n\u00edveis de acidez tiveram inibi\u00e7\u00e3o da sua resposta. A an\u00e1lise do bulbo olfactivo do salm\u00e3o mostrou que, nestes casos de elevada acidez, h\u00e1 tamb\u00e9m limita\u00e7\u00e3o na atividade cerebral perante exposi\u00e7\u00e3o a odores.<br \/>\nApesar do experimento apenas ter usado como popula\u00e7\u00e3o salm\u00f5es-prateados, pensa-se que os efeitos observados se aplicam a outras esp\u00e9cies marinhas selvagens.<br \/>\nEste estudo pretende alertar para as consequ\u00eancias dos aumentos das emiss\u00f5es de di\u00f3xido de carbono, a qual pode resultar na perda de uma quantidade significativa de fauna marinha.<\/p>\n<p style=\"margin-top: 30px;\"><a class=\"button_full\" href=\"https:\/\/onlinelibrary.wiley.com\/doi\/full\/10.1111\/gcb.14532 \">VER MAIS<\/a><\/p>\n","protected":false},"excerpt":{"rendered":"<p>Aumento de n\u00edveis CO2 pode levar a perda de olfato? &nbsp; \u00c9 de esperar que o aumento dos n\u00edveis de CO2 atmosf\u00e9ricos influenciem as concentra\u00e7\u00f5es de CO2 no oceano, pelo que foi colocada a hip\u00f3tese destas altera\u00e7\u00f5es influenciarem a capacidade de olfato dos animais marinhos. Para responder a esta tese, foram estudadas as capacidades olfativas [&hellip;]<\/p>\n","protected":false},"author":3,"featured_media":0,"comment_status":"open","ping_status":"open","sticky":false,"template":"","format":"standard","meta":{"_monsterinsights_skip_tracking":false,"_monsterinsights_sitenote_active":false,"_monsterinsights_sitenote_note":"","_monsterinsights_sitenote_category":0,"footnotes":""},"categories":[1],"tags":[],"_links":{"self":[{"href":"https:\/\/www.improveinternational.com\/ambassador\/wp-json\/wp\/v2\/posts\/3214"}],"collection":[{"href":"https:\/\/www.improveinternational.com\/ambassador\/wp-json\/wp\/v2\/posts"}],"about":[{"href":"https:\/\/www.improveinternational.com\/ambassador\/wp-json\/wp\/v2\/types\/post"}],"author":[{"embeddable":true,"href":"https:\/\/www.improveinternational.com\/ambassador\/wp-json\/wp\/v2\/users\/3"}],"replies":[{"embeddable":true,"href":"https:\/\/www.improveinternational.com\/ambassador\/wp-json\/wp\/v2\/comments?post=3214"}],"version-history":[{"count":2,"href":"https:\/\/www.improveinternational.com\/ambassador\/wp-json\/wp\/v2\/posts\/3214\/revisions"}],"predecessor-version":[{"id":3217,"href":"https:\/\/www.improveinternational.com\/ambassador\/wp-json\/wp\/v2\/posts\/3214\/revisions\/3217"}],"wp:attachment":[{"href":"https:\/\/www.improveinternational.com\/ambassador\/wp-json\/wp\/v2\/media?parent=3214"}],"wp:term":[{"taxonomy":"category","embeddable":true,"href":"https:\/\/www.improveinternational.com\/ambassador\/wp-json\/wp\/v2\/categories?post=3214"},{"taxonomy":"post_tag","embeddable":true,"href":"https:\/\/www.improveinternational.com\/ambassador\/wp-json\/wp\/v2\/tags?post=3214"}],"curies":[{"name":"wp","href":"https:\/\/api.w.org\/{rel}","templated":true}]}}