{"id":3798,"date":"2019-07-26T16:37:59","date_gmt":"2019-07-26T15:37:59","guid":{"rendered":"https:\/\/www.improveinternational.com\/ambassador\/?p=3798"},"modified":"2019-07-26T16:41:04","modified_gmt":"2019-07-26T15:41:04","slug":"descoberta-regiao-genomica-associada-ao-medo-em-caes","status":"publish","type":"post","link":"https:\/\/www.improveinternational.com\/ambassador\/2019\/07\/26\/descoberta-regiao-genomica-associada-ao-medo-em-caes\/","title":{"rendered":"Descoberta regi\u00e3o gen\u00f3mica associada ao medo em c\u00e3es"},"content":{"rendered":"<h3><strong>Descoberta regi\u00e3o gen\u00f3mica associada ao medo em c\u00e3es<\/strong><\/h3>\n<p style=\"text-align: center;\"><img loading=\"lazy\" decoding=\"async\" src=\"https:\/\/www.improveinternational.com\/ambassador\/wp-content\/uploads\/2019\/07\/CM_2-fb.jpg\" width=\"350\" height=\"350\" border=\"0\" \/><\/p>\n<p>&nbsp;<\/p>\n<p>Para conduzir este estudo, os investigadores da Universidade de Helsinki focaram-se particularmente em 2 formas de medo canino: a sensibilidade a sons e o medo generalizado, sendo que este \u00faltimo engloba o temor a novas situa\u00e7\u00f5es e a humanos<br \/>\nNa Finl\u00e2ndia apurou-se que cerca de 40% da popula\u00e7\u00e3o canina apresenta sensibilidade aos sons e estima-se que cerca de 1 em 4 c\u00e3es sofra de medo generalizado. Apesar de o medo ser uma rea\u00e7\u00e3o inata e vital para a sobreviv\u00eancia de cada esp\u00e9cie esta pode tamb\u00e9m por vezes tornar-se excessiva e levar a problemas comportamentais que ir\u00e3o afetar a vida dos nossos animais.<br \/>\nAp\u00f3s v\u00e1rios estudos gen\u00e9ticos verificou-se que a ansiedade nos c\u00e3es est\u00e1 a associada com uma regi\u00e3o no cromossoma 7 que corresponde a uma regi\u00e3o no cromossoma 18 no homem. Segundo os investigadores este \u00e9 um achado bastante interessante, uma vez que a regi\u00e3o no cromossoma 18 nos humanos tem sido v\u00e1rias vezes associada a doen\u00e7as neuropsiqui\u00e1tricas como esquizofrenia e desordens de bipolaridade. Isto pode indicar que o medo canino e algumas desordens psic\u00f3ticas nos humanos podem estar mais relacionadas do que se pensava anteriormente.<br \/>\nEm adi\u00e7\u00e3o sabe-se tamb\u00e9m que a sensibilidade aos sons nos c\u00e3es est\u00e1 associada a todo o medo que estes expressam perante situa\u00e7\u00f5es extremamente barulhentas como fogo de artif\u00edcio e trovoadas. Sendo que este tipo de sensibilidade auditiva tamb\u00e9m pode ocorrer em algumas pessoas. Os investigadores concluem tamb\u00e9m que o medo canino \u00e9 heredit\u00e1rio.<\/p>\n<p>Fonte: R. Sarviaho, O. Hakosalo, K. Tiira, S. Sulkama, E. Salmela, M. K. Hyt\u00f6nen, M. J. Sillanp\u00e4\u00e4, H. Lohi. Two novel genomic regions associated with fearfulness in dogs overlap human neuropsychiatric loci. Translational Psychiatry, 2019; <\/p>\n<p style=\"marin-top: 30px;\"><a class=\"button_full\" href=\"https:\/\/www.sciencedaily.com\/releases\/2019\/01\/190123091155.htm\">VER MAIS<\/a><\/p>\n","protected":false},"excerpt":{"rendered":"<p>Descoberta regi\u00e3o gen\u00f3mica associada ao medo em c\u00e3es &nbsp; Para conduzir este estudo, os investigadores da Universidade de Helsinki focaram-se particularmente em 2 formas de medo canino: a sensibilidade a sons e o medo generalizado, sendo que este \u00faltimo engloba o temor a novas situa\u00e7\u00f5es e a humanos Na Finl\u00e2ndia apurou-se que cerca de 40% [&hellip;]<\/p>\n","protected":false},"author":3,"featured_media":0,"comment_status":"open","ping_status":"open","sticky":false,"template":"","format":"standard","meta":{"_monsterinsights_skip_tracking":false,"_monsterinsights_sitenote_active":false,"_monsterinsights_sitenote_note":"","_monsterinsights_sitenote_category":0,"footnotes":""},"categories":[1],"tags":[],"_links":{"self":[{"href":"https:\/\/www.improveinternational.com\/ambassador\/wp-json\/wp\/v2\/posts\/3798"}],"collection":[{"href":"https:\/\/www.improveinternational.com\/ambassador\/wp-json\/wp\/v2\/posts"}],"about":[{"href":"https:\/\/www.improveinternational.com\/ambassador\/wp-json\/wp\/v2\/types\/post"}],"author":[{"embeddable":true,"href":"https:\/\/www.improveinternational.com\/ambassador\/wp-json\/wp\/v2\/users\/3"}],"replies":[{"embeddable":true,"href":"https:\/\/www.improveinternational.com\/ambassador\/wp-json\/wp\/v2\/comments?post=3798"}],"version-history":[{"count":2,"href":"https:\/\/www.improveinternational.com\/ambassador\/wp-json\/wp\/v2\/posts\/3798\/revisions"}],"predecessor-version":[{"id":3800,"href":"https:\/\/www.improveinternational.com\/ambassador\/wp-json\/wp\/v2\/posts\/3798\/revisions\/3800"}],"wp:attachment":[{"href":"https:\/\/www.improveinternational.com\/ambassador\/wp-json\/wp\/v2\/media?parent=3798"}],"wp:term":[{"taxonomy":"category","embeddable":true,"href":"https:\/\/www.improveinternational.com\/ambassador\/wp-json\/wp\/v2\/categories?post=3798"},{"taxonomy":"post_tag","embeddable":true,"href":"https:\/\/www.improveinternational.com\/ambassador\/wp-json\/wp\/v2\/tags?post=3798"}],"curies":[{"name":"wp","href":"https:\/\/api.w.org\/{rel}","templated":true}]}}