{"id":3935,"date":"2019-09-18T10:44:29","date_gmt":"2019-09-18T09:44:29","guid":{"rendered":"https:\/\/www.improveinternational.com\/ambassador\/?p=3935"},"modified":"2019-09-18T10:44:29","modified_gmt":"2019-09-18T09:44:29","slug":"cuidado-elas-andam-ai","status":"publish","type":"post","link":"https:\/\/www.improveinternational.com\/ambassador\/2019\/09\/18\/cuidado-elas-andam-ai\/","title":{"rendered":"Cuidado elas andam a\u00ed!!"},"content":{"rendered":"<h3><strong>Cuidado elas andam a\u00ed!! Europa assolada por infesta\u00e7\u00e3o de lagartas do Pinheiro<\/strong><\/h3>\n<p style=\"text-align: center;\"><img loading=\"lazy\" decoding=\"async\" src=\"https:\/\/www.improveinternational.com\/ambassador\/wp-content\/uploads\/2019\/09\/CM4-fb.jpg\" width=\"350\" height=\"350\" border=\"0\" \/><\/p>\n<p>&nbsp;<\/p>\n<p>A multiplica\u00e7\u00e3o da lagarta do pinheiro resulta essencialmente de um inverno ameno e uma primavera quente, seguida de uma onda de calor. Estes insetos \u2018instalam-se\u2019 nas copas das \u00e1rvores, sendo que cada uma destas lagartas chega a ter 700 pelos. Estes animais podem causar erup\u00e7\u00f5es cut\u00e2neas, irrita\u00e7\u00e3o nos olhos, tosse ou rea\u00e7\u00f5es al\u00e9rgicas.<br \/>\nSabe-se tamb\u00e9m que os animais, especialmente os c\u00e3es, apresentam um elevado risco de contactar com estes insetos t\u00f3xicos, j\u00e1 que as lagartas ao cair da copa das \u00e1rvores enterram-se no solo. Assim, \u00e9 particularmente f\u00e1cil para os c\u00e3es contactarem com o inseto ou at\u00e9 mesmo ingeri-lo e, desta forma, exibir certos sintomas carater\u00edsticos.<br \/>\nEntre os sintomas mais comuns ap\u00f3s o contacto com a lagarta destaca-se a irrita\u00e7\u00e3o ocular. Adicionalmente, os animais poder\u00e3o tamb\u00e9m exibir outros sinais cl\u00ednicos habituais como o edema do focinho, saliva\u00e7\u00e3o excessiva, disfagia, prurido intenso e v\u00f3mitos.<\/p>\n<p style=\"marin-top: 30px;\"><a class=\"button_full\"href=\"https:\/\/www.veterinaria-atual.pt\/na-clinica\/onda-de-calor-na-europa-provoca-infestacao-de-lagarta-do-pinheiro\/\">VER MAIS<\/a><\/p>\n","protected":false},"excerpt":{"rendered":"<p>Cuidado elas andam a\u00ed!! Europa assolada por infesta\u00e7\u00e3o de lagartas do Pinheiro &nbsp; A multiplica\u00e7\u00e3o da lagarta do pinheiro resulta essencialmente de um inverno ameno e uma primavera quente, seguida de uma onda de calor. Estes insetos \u2018instalam-se\u2019 nas copas das \u00e1rvores, sendo que cada uma destas lagartas chega a ter 700 pelos. Estes animais [&hellip;]<\/p>\n","protected":false},"author":3,"featured_media":0,"comment_status":"open","ping_status":"open","sticky":false,"template":"","format":"standard","meta":{"_monsterinsights_skip_tracking":false,"_monsterinsights_sitenote_active":false,"_monsterinsights_sitenote_note":"","_monsterinsights_sitenote_category":0,"footnotes":""},"categories":[1],"tags":[],"_links":{"self":[{"href":"https:\/\/www.improveinternational.com\/ambassador\/wp-json\/wp\/v2\/posts\/3935"}],"collection":[{"href":"https:\/\/www.improveinternational.com\/ambassador\/wp-json\/wp\/v2\/posts"}],"about":[{"href":"https:\/\/www.improveinternational.com\/ambassador\/wp-json\/wp\/v2\/types\/post"}],"author":[{"embeddable":true,"href":"https:\/\/www.improveinternational.com\/ambassador\/wp-json\/wp\/v2\/users\/3"}],"replies":[{"embeddable":true,"href":"https:\/\/www.improveinternational.com\/ambassador\/wp-json\/wp\/v2\/comments?post=3935"}],"version-history":[{"count":2,"href":"https:\/\/www.improveinternational.com\/ambassador\/wp-json\/wp\/v2\/posts\/3935\/revisions"}],"predecessor-version":[{"id":3937,"href":"https:\/\/www.improveinternational.com\/ambassador\/wp-json\/wp\/v2\/posts\/3935\/revisions\/3937"}],"wp:attachment":[{"href":"https:\/\/www.improveinternational.com\/ambassador\/wp-json\/wp\/v2\/media?parent=3935"}],"wp:term":[{"taxonomy":"category","embeddable":true,"href":"https:\/\/www.improveinternational.com\/ambassador\/wp-json\/wp\/v2\/categories?post=3935"},{"taxonomy":"post_tag","embeddable":true,"href":"https:\/\/www.improveinternational.com\/ambassador\/wp-json\/wp\/v2\/tags?post=3935"}],"curies":[{"name":"wp","href":"https:\/\/api.w.org\/{rel}","templated":true}]}}