{"id":4015,"date":"2019-10-24T12:06:45","date_gmt":"2019-10-24T11:06:45","guid":{"rendered":"https:\/\/www.improveinternational.com\/ambassador\/?p=4015"},"modified":"2019-10-24T12:06:45","modified_gmt":"2019-10-24T11:06:45","slug":"cor-da-pelagem-pode-ter-impacto-na-longevidade-do-cao","status":"publish","type":"post","link":"https:\/\/www.improveinternational.com\/ambassador\/2019\/10\/24\/cor-da-pelagem-pode-ter-impacto-na-longevidade-do-cao\/","title":{"rendered":"Cor da pelagem pode ter impacto na longevidade do c\u00e3o?"},"content":{"rendered":"<h3><strong>Cor da pelagem pode ter impacto na longevidade do c\u00e3o?<\/strong><\/h3>\n<p style=\"text-align: center;\"><img loading=\"lazy\" decoding=\"async\" src=\"https:\/\/www.improveinternational.com\/ambassador\/wp-content\/uploads\/2019\/10\/CM1-v2-fb.jpg\" width=\"350\" height=\"350\" border=\"0\" \/><\/p>\n<p>&nbsp;<\/p>\n<p>No Reino Unido, a longevidade m\u00e9dia de um labrador de pelagem n\u00e3o chocolate \u00e9 de cerca de 12,1 anos, sendo esta cerca de 10% mais alta que a expetativa de vida de Labradores de pelagem chocolate. Sabe-se tamb\u00e9m que a preval\u00eancia de otite externa \u00e9 o dobro em Labradores chocolate e que estes tamb\u00e9m apresentam quatro vezes maior probabilidade de vir a desenvolver dermatite pio-traum\u00e1tica que as restantes pelagens.<br \/>\nO autor principal deste estudo, o professor Paul McGreevy da Universidade de Ci\u00eancia, refere que os resultados foram uma surpresa para os investigadores. Contudo, estas conclus\u00f5es podem n\u00e3o se refletir na popula\u00e7\u00e3o australiana de Labradores. O investigador afirma tamb\u00e9m que a rela\u00e7\u00e3o entre a pelagem e o aparecimento de certas doen\u00e7as reflete as desvantagens de reproduzir cercas pigmenta\u00e7\u00f5es. Sabendo que a pelagem chocolate \u00e9 recessiva em c\u00e3es, ambos os progenitores dever\u00e3o ser da pelagem chocolate. Isto poder\u00e1 resultar num aumento da consanguinidade, o que origina um aumento propor\u00e7\u00e3o de genes relacionados com patologias auditivas e d\u00e9rmicas. As principais afe\u00e7\u00f5es encontradas em indiv\u00edduos da ra\u00e7a Labrador foram otites, obesidade e afe\u00e7\u00f5es articulares. <\/p>\n<p>Fonte: Paul D. McGreevy, Bethany J. Wilson, Caroline S. Mansfield, Dave C. Brodbelt, David B. Church, Navneet Dhand, Ricardo J. Soares Magalh\u00e3es, Dan G. O\u2019Neill. Labrador retrievers under primary veterinary care in the UK: demography, mortality and disorders. Canine Genetics and Epidemiology, 2018; 5 (1) DOI: 10.1186\/s40575-018-0064-x<\/p>\n<p style=\"marin-top: 30px;\"><a class=\"button_full\"href=\"https:\/\/www.sciencedaily.com\/releases\/2018\/10\/181022085826.htm\">VER MAIS<\/a><\/p>\n","protected":false},"excerpt":{"rendered":"<p>Cor da pelagem pode ter impacto na longevidade do c\u00e3o? &nbsp; No Reino Unido, a longevidade m\u00e9dia de um labrador de pelagem n\u00e3o chocolate \u00e9 de cerca de 12,1 anos, sendo esta cerca de 10% mais alta que a expetativa de vida de Labradores de pelagem chocolate. Sabe-se tamb\u00e9m que a preval\u00eancia de otite externa [&hellip;]<\/p>\n","protected":false},"author":3,"featured_media":0,"comment_status":"open","ping_status":"open","sticky":false,"template":"","format":"standard","meta":{"_monsterinsights_skip_tracking":false,"_monsterinsights_sitenote_active":false,"_monsterinsights_sitenote_note":"","_monsterinsights_sitenote_category":0,"footnotes":""},"categories":[1],"tags":[],"_links":{"self":[{"href":"https:\/\/www.improveinternational.com\/ambassador\/wp-json\/wp\/v2\/posts\/4015"}],"collection":[{"href":"https:\/\/www.improveinternational.com\/ambassador\/wp-json\/wp\/v2\/posts"}],"about":[{"href":"https:\/\/www.improveinternational.com\/ambassador\/wp-json\/wp\/v2\/types\/post"}],"author":[{"embeddable":true,"href":"https:\/\/www.improveinternational.com\/ambassador\/wp-json\/wp\/v2\/users\/3"}],"replies":[{"embeddable":true,"href":"https:\/\/www.improveinternational.com\/ambassador\/wp-json\/wp\/v2\/comments?post=4015"}],"version-history":[{"count":2,"href":"https:\/\/www.improveinternational.com\/ambassador\/wp-json\/wp\/v2\/posts\/4015\/revisions"}],"predecessor-version":[{"id":4017,"href":"https:\/\/www.improveinternational.com\/ambassador\/wp-json\/wp\/v2\/posts\/4015\/revisions\/4017"}],"wp:attachment":[{"href":"https:\/\/www.improveinternational.com\/ambassador\/wp-json\/wp\/v2\/media?parent=4015"}],"wp:term":[{"taxonomy":"category","embeddable":true,"href":"https:\/\/www.improveinternational.com\/ambassador\/wp-json\/wp\/v2\/categories?post=4015"},{"taxonomy":"post_tag","embeddable":true,"href":"https:\/\/www.improveinternational.com\/ambassador\/wp-json\/wp\/v2\/tags?post=4015"}],"curies":[{"name":"wp","href":"https:\/\/api.w.org\/{rel}","templated":true}]}}