{"id":4067,"date":"2019-11-08T15:01:57","date_gmt":"2019-11-08T15:01:57","guid":{"rendered":"https:\/\/www.improveinternational.com\/ambassador\/?p=4067"},"modified":"2019-11-08T15:01:57","modified_gmt":"2019-11-08T15:01:57","slug":"jovens-lutam-pelo-camaleao-do-algarve","status":"publish","type":"post","link":"https:\/\/www.improveinternational.com\/ambassador\/2019\/11\/08\/jovens-lutam-pelo-camaleao-do-algarve\/","title":{"rendered":"Jovens lutam pelo camale\u00e3o do Algarve"},"content":{"rendered":"<h3><strong>Jovens lutam pelo camale\u00e3o do Algarve<\/strong><\/h3>\n<p style=\"text-align: center;\"><img loading=\"lazy\" decoding=\"async\" src=\"https:\/\/www.improveinternational.com\/ambassador\/wp-content\/uploads\/2019\/11\/EC2-fb.jpg\" width=\"350\" height=\"350\" border=\"0\" \/><\/p>\n<p>&nbsp;<\/p>\n<p>O camale\u00e3o-comum, que muitos encontram facilmente em passeios pelo distrito do Algarve, \u00e9 um emblem\u00e1tico animal que em Portugal habita apenas no litoral. Com uma distribui\u00e7\u00e3o t\u00e3o limitada, esta popula\u00e7\u00e3o encontra-se particularmente suscet\u00edvel a qualquer amea\u00e7a, nomeadamente fragmenta\u00e7\u00e3o do territ\u00f3rio, captura ilegal e atropelamento.<br \/>\nPara tentar ajudar o camale\u00e3o, um grupo de jovens lisboetas apresentou uma proposta ao Or\u00e7amento Participativo Jovem 2019, proposta esta que inclui a constru\u00e7\u00e3o do Centro de Investiga\u00e7\u00e3o e Recupera\u00e7\u00e3o do Camale\u00e3o do Algarve, local onde esta esp\u00e9cie poder\u00e1 ser tratada, reproduzida e estudada.<br \/>\nA proposta, que se encontrou a vota\u00e7\u00e3o p\u00fablica at\u00e9 ao dia 4 de Agosto, foi premiada com o terceiro lugar, o que representa uma grande vit\u00f3ria para o futuro dos camale\u00f5es algarvios.<\/p>\n<p>&nbsp;<\/p>\n<p style=\"marin-top: 30px;\"><a class=\"button_full\"href=\"https:\/\/www.sulinformacao.pt\/2019\/07\/jovens-sugerem-criacao-de-centro-que-proteja-os-camaleoes-algarvios\/?fbclid=IwAR05MoonaLY51AkKnQhh76aExF4kBeb4fd1y1OjF5_xu9fUoJp55rl7BvKU\nhttps:\/\/opjovem.gov.pt\/projetos-2019-50\">VER MAIS<\/a><\/p>\n","protected":false},"excerpt":{"rendered":"<p>Jovens lutam pelo camale\u00e3o do Algarve &nbsp; O camale\u00e3o-comum, que muitos encontram facilmente em passeios pelo distrito do Algarve, \u00e9 um emblem\u00e1tico animal que em Portugal habita apenas no litoral. Com uma distribui\u00e7\u00e3o t\u00e3o limitada, esta popula\u00e7\u00e3o encontra-se particularmente suscet\u00edvel a qualquer amea\u00e7a, nomeadamente fragmenta\u00e7\u00e3o do territ\u00f3rio, captura ilegal e atropelamento. Para tentar ajudar o [&hellip;]<\/p>\n","protected":false},"author":3,"featured_media":0,"comment_status":"open","ping_status":"open","sticky":false,"template":"","format":"standard","meta":{"_monsterinsights_skip_tracking":false,"_monsterinsights_sitenote_active":false,"_monsterinsights_sitenote_note":"","_monsterinsights_sitenote_category":0,"footnotes":""},"categories":[1],"tags":[],"_links":{"self":[{"href":"https:\/\/www.improveinternational.com\/ambassador\/wp-json\/wp\/v2\/posts\/4067"}],"collection":[{"href":"https:\/\/www.improveinternational.com\/ambassador\/wp-json\/wp\/v2\/posts"}],"about":[{"href":"https:\/\/www.improveinternational.com\/ambassador\/wp-json\/wp\/v2\/types\/post"}],"author":[{"embeddable":true,"href":"https:\/\/www.improveinternational.com\/ambassador\/wp-json\/wp\/v2\/users\/3"}],"replies":[{"embeddable":true,"href":"https:\/\/www.improveinternational.com\/ambassador\/wp-json\/wp\/v2\/comments?post=4067"}],"version-history":[{"count":2,"href":"https:\/\/www.improveinternational.com\/ambassador\/wp-json\/wp\/v2\/posts\/4067\/revisions"}],"predecessor-version":[{"id":4069,"href":"https:\/\/www.improveinternational.com\/ambassador\/wp-json\/wp\/v2\/posts\/4067\/revisions\/4069"}],"wp:attachment":[{"href":"https:\/\/www.improveinternational.com\/ambassador\/wp-json\/wp\/v2\/media?parent=4067"}],"wp:term":[{"taxonomy":"category","embeddable":true,"href":"https:\/\/www.improveinternational.com\/ambassador\/wp-json\/wp\/v2\/categories?post=4067"},{"taxonomy":"post_tag","embeddable":true,"href":"https:\/\/www.improveinternational.com\/ambassador\/wp-json\/wp\/v2\/tags?post=4067"}],"curies":[{"name":"wp","href":"https:\/\/api.w.org\/{rel}","templated":true}]}}