{"id":4153,"date":"2019-12-11T16:10:25","date_gmt":"2019-12-11T16:10:25","guid":{"rendered":"https:\/\/www.improveinternational.com\/ambassador\/?p=4153"},"modified":"2019-12-11T16:10:25","modified_gmt":"2019-12-11T16:10:25","slug":"pelo-de-cetim-problemas","status":"publish","type":"post","link":"https:\/\/www.improveinternational.com\/ambassador\/2019\/12\/11\/pelo-de-cetim-problemas\/","title":{"rendered":"Pelo de cetim = problemas?"},"content":{"rendered":"<h3><strong>Pelo de cetim = problemas?<\/strong><\/h3>\n<p style=\"text-align: center;\"><img loading=\"lazy\" decoding=\"async\" src=\"https:\/\/www.improveinternational.com\/ambassador\/wp-content\/uploads\/2019\/12\/EC5-fb.jpg\" width=\"350\" height=\"350\" border=\"0\" \/><\/p>\n<p>&nbsp;<\/p>\n<p>Os porquinhos-da-\u00edndia ou cobaias foram domesticados h\u00e1 centenas de anos para consumo, mas est\u00e3o atualmente presentes em in\u00fameros lares como animal de estima\u00e7\u00e3o. Por volta do ano de 1977, surgiram nos Estados Unidos animais com um pelo curto e brilhante, que os criadores designaram por pelagem \u201ccetim\u201d. Esta carater\u00edstica deve-se a uma muta\u00e7\u00e3o autoss\u00f3mica recessiva, que resulta numa pelagem mais fina e que reflete e refrata a luz de forma diferente, originando o desejado brilho acetinado.<br \/>\nA sua popularidade trouxe a muta\u00e7\u00e3o at\u00e9 \u00e0 Europa, em 1986 e desde cedo come\u00e7ou a ser associada a problemas de sa\u00fade dos animais, nomeadamente desenvolvimento mais lento, com peso adulto menor e longevidade reduzida. Saltaram \u00e0 vista o aparecimento de problemas associados \u00e0 idade em porquinhos relativamente jovens, nomeadamente problemas dent\u00e1rios e \u00f3sseos.<br \/>\nEste conjunto de problemas come\u00e7ou a ser designado \u201cSatin syndrome\u201d e inclui, al\u00e9m dos problemas \u00f3sseos, como osteodistrofia fibrosa, afe\u00e7\u00f5es como hiperparatiroidismo e nefropatias, resultando numa diminui\u00e7\u00e3o da qualidade de vida dos animais, uma vez que esta doen\u00e7a n\u00e3o tem cura.<\/p>\n<p>&nbsp;<\/p>\n<p style=\"marin-top: 30px;\"><a class=\"button_full\"href=\"https:\/\/lib.ugent.be\/fulltxt\/RUG01\/002\/165\/467\/RUG01-002165467_2014_0001_AC.pdf\">VER MAIS<\/a><\/p>\n","protected":false},"excerpt":{"rendered":"<p>Pelo de cetim = problemas? &nbsp; Os porquinhos-da-\u00edndia ou cobaias foram domesticados h\u00e1 centenas de anos para consumo, mas est\u00e3o atualmente presentes em in\u00fameros lares como animal de estima\u00e7\u00e3o. Por volta do ano de 1977, surgiram nos Estados Unidos animais com um pelo curto e brilhante, que os criadores designaram por pelagem \u201ccetim\u201d. Esta carater\u00edstica [&hellip;]<\/p>\n","protected":false},"author":3,"featured_media":0,"comment_status":"open","ping_status":"open","sticky":false,"template":"","format":"standard","meta":{"_monsterinsights_skip_tracking":false,"_monsterinsights_sitenote_active":false,"_monsterinsights_sitenote_note":"","_monsterinsights_sitenote_category":0,"footnotes":""},"categories":[1],"tags":[],"_links":{"self":[{"href":"https:\/\/www.improveinternational.com\/ambassador\/wp-json\/wp\/v2\/posts\/4153"}],"collection":[{"href":"https:\/\/www.improveinternational.com\/ambassador\/wp-json\/wp\/v2\/posts"}],"about":[{"href":"https:\/\/www.improveinternational.com\/ambassador\/wp-json\/wp\/v2\/types\/post"}],"author":[{"embeddable":true,"href":"https:\/\/www.improveinternational.com\/ambassador\/wp-json\/wp\/v2\/users\/3"}],"replies":[{"embeddable":true,"href":"https:\/\/www.improveinternational.com\/ambassador\/wp-json\/wp\/v2\/comments?post=4153"}],"version-history":[{"count":1,"href":"https:\/\/www.improveinternational.com\/ambassador\/wp-json\/wp\/v2\/posts\/4153\/revisions"}],"predecessor-version":[{"id":4154,"href":"https:\/\/www.improveinternational.com\/ambassador\/wp-json\/wp\/v2\/posts\/4153\/revisions\/4154"}],"wp:attachment":[{"href":"https:\/\/www.improveinternational.com\/ambassador\/wp-json\/wp\/v2\/media?parent=4153"}],"wp:term":[{"taxonomy":"category","embeddable":true,"href":"https:\/\/www.improveinternational.com\/ambassador\/wp-json\/wp\/v2\/categories?post=4153"},{"taxonomy":"post_tag","embeddable":true,"href":"https:\/\/www.improveinternational.com\/ambassador\/wp-json\/wp\/v2\/tags?post=4153"}],"curies":[{"name":"wp","href":"https:\/\/api.w.org\/{rel}","templated":true}]}}