{"id":4158,"date":"2019-12-11T16:13:59","date_gmt":"2019-12-11T16:13:59","guid":{"rendered":"https:\/\/www.improveinternational.com\/ambassador\/?p=4158"},"modified":"2019-12-11T16:13:59","modified_gmt":"2019-12-11T16:13:59","slug":"mutacao-genetica-pode-estar-relacionada-com-predisposicao-de-sindrome-obstrutiva-das-vias-aereas-superiores-em-braquicefalos","status":"publish","type":"post","link":"https:\/\/www.improveinternational.com\/ambassador\/2019\/12\/11\/mutacao-genetica-pode-estar-relacionada-com-predisposicao-de-sindrome-obstrutiva-das-vias-aereas-superiores-em-braquicefalos\/","title":{"rendered":"Muta\u00e7\u00e3o gen\u00e9tica pode estar relacionada com predisposi\u00e7\u00e3o de s\u00edndrome obstrutiva das vias a\u00e9reas superiores em braquic\u00e9falos"},"content":{"rendered":"<h3><strong>Muta\u00e7\u00e3o gen\u00e9tica e s\u00edndrome obstrutiva das vias a\u00e9reas superiores em braquic\u00e9falos<\/strong><\/h3>\n<p style=\"text-align: center;\"><img loading=\"lazy\" decoding=\"async\" src=\"https:\/\/www.improveinternational.com\/ambassador\/wp-content\/uploads\/2019\/12\/CM3-fb.jpg\" width=\"350\" height=\"350\" border=\"0\" \/><\/p>\n<p>&nbsp;<\/p>\n<p>Uma nova investiga\u00e7\u00e3o identificou uma muta\u00e7\u00e3o gen\u00e9tica que pode estar por tr\u00e1s do aparecimento de sintomas respirat\u00f3rios verificados em c\u00e3es da ra\u00e7a Bulldog e Norwich Terrier.<br \/>\nO estudo mais recentemente publicado na revista PLOS Genetics questiona se a forma do cr\u00e2nio \u00e9 o \u00fanico fator de predisposi\u00e7\u00e3o determinante para o aparecimento de s\u00edndrome obstrutiva das vias a\u00e9reas superiores dos braquic\u00e9falos (BOAS) em c\u00e3es.<br \/>\nInvestigadores da Universidade de Edinburgh Royal School of Veterinary Studies analisaram 401 c\u00e3es da ra\u00e7a Norwich Terrier, j\u00e1 que esta ra\u00e7a apesar de n\u00e3o ser considerada uma ra\u00e7a braquic\u00e9fala apresenta os mesmo sintomas respirat\u00f3rios que por exemplo um Bulldog. Desta forma, \u00e9 poss\u00edvel identificar outros fatores predisponentes n\u00e3o relacionados com a forma e dimens\u00e3o do cr\u00e2nio.<br \/>\nPara tal, a equipa de investiga\u00e7\u00e3o realizou um estudo gen\u00e9tico de modo a identificar os genes relacionados com o aparecimento de s\u00edndrome das vias a\u00e9reas superiores. Esta an\u00e1lise identificou uma muta\u00e7\u00e3o no gene ADAMTS3, sendo que esta mesma muta\u00e7\u00e3o tamb\u00e9m foi registada em alguns c\u00e3es da ra\u00e7a Bulldog Franc\u00eas e Bulldog Ingl\u00eas.<br \/>\nEstudos anteriores verificaram uma rela\u00e7\u00e3o entre altera\u00e7\u00f5es do gene ADAMTS3 com o aparecimento de edema das vias respirat\u00f3rias, uma carater\u00edstica comum em c\u00e3es da ra\u00e7a Norwich Terrier diagnosticados com s\u00edndrome das vias a\u00e9reas superiores e em Bulldogs diagnosticados com BOAS. <\/p>\n<p>&nbsp;<\/p>\n<p style=\"marin-top: 30px;\"><a class=\"button_full\"href=\"https:\/\/www.vettimes.co.uk\/news\/gene-mutation-link-to-boas-breed-disposition\/\">VER MAIS<\/a><\/p>\n","protected":false},"excerpt":{"rendered":"<p>Muta\u00e7\u00e3o gen\u00e9tica e s\u00edndrome obstrutiva das vias a\u00e9reas superiores em braquic\u00e9falos &nbsp; Uma nova investiga\u00e7\u00e3o identificou uma muta\u00e7\u00e3o gen\u00e9tica que pode estar por tr\u00e1s do aparecimento de sintomas respirat\u00f3rios verificados em c\u00e3es da ra\u00e7a Bulldog e Norwich Terrier. O estudo mais recentemente publicado na revista PLOS Genetics questiona se a forma do cr\u00e2nio \u00e9 o [&hellip;]<\/p>\n","protected":false},"author":3,"featured_media":0,"comment_status":"open","ping_status":"open","sticky":false,"template":"","format":"standard","meta":{"_monsterinsights_skip_tracking":false,"_monsterinsights_sitenote_active":false,"_monsterinsights_sitenote_note":"","_monsterinsights_sitenote_category":0,"footnotes":""},"categories":[1],"tags":[],"_links":{"self":[{"href":"https:\/\/www.improveinternational.com\/ambassador\/wp-json\/wp\/v2\/posts\/4158"}],"collection":[{"href":"https:\/\/www.improveinternational.com\/ambassador\/wp-json\/wp\/v2\/posts"}],"about":[{"href":"https:\/\/www.improveinternational.com\/ambassador\/wp-json\/wp\/v2\/types\/post"}],"author":[{"embeddable":true,"href":"https:\/\/www.improveinternational.com\/ambassador\/wp-json\/wp\/v2\/users\/3"}],"replies":[{"embeddable":true,"href":"https:\/\/www.improveinternational.com\/ambassador\/wp-json\/wp\/v2\/comments?post=4158"}],"version-history":[{"count":1,"href":"https:\/\/www.improveinternational.com\/ambassador\/wp-json\/wp\/v2\/posts\/4158\/revisions"}],"predecessor-version":[{"id":4159,"href":"https:\/\/www.improveinternational.com\/ambassador\/wp-json\/wp\/v2\/posts\/4158\/revisions\/4159"}],"wp:attachment":[{"href":"https:\/\/www.improveinternational.com\/ambassador\/wp-json\/wp\/v2\/media?parent=4158"}],"wp:term":[{"taxonomy":"category","embeddable":true,"href":"https:\/\/www.improveinternational.com\/ambassador\/wp-json\/wp\/v2\/categories?post=4158"},{"taxonomy":"post_tag","embeddable":true,"href":"https:\/\/www.improveinternational.com\/ambassador\/wp-json\/wp\/v2\/tags?post=4158"}],"curies":[{"name":"wp","href":"https:\/\/api.w.org\/{rel}","templated":true}]}}