{"id":4169,"date":"2019-12-26T15:43:59","date_gmt":"2019-12-26T15:43:59","guid":{"rendered":"https:\/\/www.improveinternational.com\/ambassador\/?p=4169"},"modified":"2019-12-26T15:43:59","modified_gmt":"2019-12-26T15:43:59","slug":"fim-da-captura-de-elefantes-para-zoos","status":"publish","type":"post","link":"https:\/\/www.improveinternational.com\/ambassador\/2019\/12\/26\/fim-da-captura-de-elefantes-para-zoos\/","title":{"rendered":"Fim da captura de elefantes para zoos"},"content":{"rendered":"<h3><strong><\/strong>Fim da captura de elefantes para zoos<\/h3>\n<p style=\"text-align: center;\"><img loading=\"lazy\" decoding=\"async\" src=\"https:\/\/www.improveinternational.com\/ambassador\/wp-content\/uploads\/2019\/12\/EC7-fb.jpg\" width=\"350\" height=\"350\" border=\"0\" \/><\/p>\n<p>&nbsp;<\/p>\n<p>A Conven\u00e7\u00e3o sobre Com\u00e9rcio Internacional de Esp\u00e9cies Amea\u00e7adas (CITES) decidiu no dia 18 de Agosto, proibir a captura e venda de elefantes selvagens para parques e zool\u00f3gicos, medida importante para a conserva\u00e7\u00e3o desta esp\u00e9cie.<br \/>\nEsta proposta, que ter\u00e1 ainda de ser aprovada definitivamente na sess\u00e3o plen\u00e1ria de encerramento da conven\u00e7\u00e3o, dia 28 de Agosto, ir\u00e1 permitir proteger animais retirados da natureza e colocados em condi\u00e7\u00f5es que muitos consideram completamente inadequadas a esta esp\u00e9cie.<br \/>\nOs elefantes da \u00c1frica Austral, caso a medida seja aprovada definitivamente, ficar\u00e3o assim protegidos da venda, como j\u00e1 eram os seus cong\u00e9neres de outras regi\u00f5es do continente africano. Estima-se que, desde 2012, s\u00f3 no Zimbabu\u00e9, tenham sido capturados e vendidos 100 filhotes de elefante, com destino a zoos chineses.<\/p>\n<p>&nbsp;<\/p>\n<p style=\"marin-top: 30px;\"><a class=\"button_full\"href=\"https:\/\/observador.pt\/2019\/08\/19\/onu-proibe-venda-de-elefantes-selvagens-de-africa-para-jardins-zoologicos-e-parques-de-diversao\/ \">VER MAIS<\/a><\/p>\n","protected":false},"excerpt":{"rendered":"<p>Fim da captura de elefantes para zoos &nbsp; A Conven\u00e7\u00e3o sobre Com\u00e9rcio Internacional de Esp\u00e9cies Amea\u00e7adas (CITES) decidiu no dia 18 de Agosto, proibir a captura e venda de elefantes selvagens para parques e zool\u00f3gicos, medida importante para a conserva\u00e7\u00e3o desta esp\u00e9cie. Esta proposta, que ter\u00e1 ainda de ser aprovada definitivamente na sess\u00e3o plen\u00e1ria de [&hellip;]<\/p>\n","protected":false},"author":3,"featured_media":0,"comment_status":"open","ping_status":"open","sticky":false,"template":"","format":"standard","meta":{"_monsterinsights_skip_tracking":false,"_monsterinsights_sitenote_active":false,"_monsterinsights_sitenote_note":"","_monsterinsights_sitenote_category":0,"footnotes":""},"categories":[1],"tags":[],"_links":{"self":[{"href":"https:\/\/www.improveinternational.com\/ambassador\/wp-json\/wp\/v2\/posts\/4169"}],"collection":[{"href":"https:\/\/www.improveinternational.com\/ambassador\/wp-json\/wp\/v2\/posts"}],"about":[{"href":"https:\/\/www.improveinternational.com\/ambassador\/wp-json\/wp\/v2\/types\/post"}],"author":[{"embeddable":true,"href":"https:\/\/www.improveinternational.com\/ambassador\/wp-json\/wp\/v2\/users\/3"}],"replies":[{"embeddable":true,"href":"https:\/\/www.improveinternational.com\/ambassador\/wp-json\/wp\/v2\/comments?post=4169"}],"version-history":[{"count":1,"href":"https:\/\/www.improveinternational.com\/ambassador\/wp-json\/wp\/v2\/posts\/4169\/revisions"}],"predecessor-version":[{"id":4170,"href":"https:\/\/www.improveinternational.com\/ambassador\/wp-json\/wp\/v2\/posts\/4169\/revisions\/4170"}],"wp:attachment":[{"href":"https:\/\/www.improveinternational.com\/ambassador\/wp-json\/wp\/v2\/media?parent=4169"}],"wp:term":[{"taxonomy":"category","embeddable":true,"href":"https:\/\/www.improveinternational.com\/ambassador\/wp-json\/wp\/v2\/categories?post=4169"},{"taxonomy":"post_tag","embeddable":true,"href":"https:\/\/www.improveinternational.com\/ambassador\/wp-json\/wp\/v2\/tags?post=4169"}],"curies":[{"name":"wp","href":"https:\/\/api.w.org\/{rel}","templated":true}]}}