{"id":4242,"date":"2020-02-27T15:17:11","date_gmt":"2020-02-27T15:17:11","guid":{"rendered":"https:\/\/www.improveinternational.com\/ambassador\/?p=4242"},"modified":"2020-02-27T15:17:11","modified_gmt":"2020-02-27T15:17:11","slug":"veterinarios-pelo-mundo","status":"publish","type":"post","link":"https:\/\/www.improveinternational.com\/ambassador\/2020\/02\/27\/veterinarios-pelo-mundo\/","title":{"rendered":"Veterin\u00e1rios pelo Mundo"},"content":{"rendered":"<h3><strong><\/strong>Veterin\u00e1rios pelo Mundo<\/h3>\n<p style=\"text-align: center;\"><img loading=\"lazy\" decoding=\"async\" src=\"https:\/\/www.improveinternational.com\/ambassador\/wp-content\/uploads\/2020\/02\/Vets-Pelo-Mundo.jpg\" width=\"350\" height=\"350\" border=\"0\" \/><\/p>\n<p>&nbsp;<\/p>\n<p>O meu nome \u00e9 Joana Pereira e sou natura de Portugal. Terminei o curso de medicina veterin\u00e1ria em Julho de 2017 e iniciei o meu primeiro emprego em Outubro do mesmo ano em Galway, na Irlanda, numa cl\u00ednica mista em que 90% do trabalho incidia sobre a \u00e1rea de medicina equina, nomeadamente reprodu\u00e7\u00e3o.<br \/>\nA fase inicial desta experi\u00eancia n\u00e3o foi simples, o sotaque irland\u00eas n\u00e3o \u00e9 o mais f\u00e1cil de compreender e tinha que estudar muito fora do meu hor\u00e1rio de trabalho para conseguir corresponder \u00e0s expectativas. Foram necess\u00e1rios alguns meses at\u00e9 me conseguir adaptar \u00e0 cl\u00ednica, aos clientes e a ser aut\u00f3noma nas minhas decis\u00f5es. Lentamente, o meu patr\u00e3o foi-me atribuindo mais e mais responsabilidades e liberdade cl\u00ednica, mas esteve sempre presente quando precisava de apoio.<br \/>\nNeste tipo de empregos em ambiente rural, as equipas s\u00e3o por norma bastante pequenas e os dias s\u00e3o longos, mas estava disposta a fazer o sacrif\u00edcio para trabalhar na \u00e1rea de equinos. Algo que Portugal, infelizmente, n\u00e3o possibilitou.<br \/>\nCom o avan\u00e7ar da \u00e9poca reprodutiva os dias foram ficando mais longos, mas eu fui tamb\u00e9m fui crescendo como veterin\u00e1ria. Aprendi a reconhecer os meus erros e a corrigi-los antecipadamente, a improvisar, a pensar r\u00e1pido em situa\u00e7\u00f5es de stress e a ser eficiente.<br \/>\nFiquei nesta posi\u00e7\u00e3o durante dois anos e gostei muito. Evolu\u00ed tanto como pessoa como m\u00e9dica veterin\u00e1ria. Tive a sorte de ter um grupo de clientes e de trabalho com um ambiente muito acolhedor e familiar- a verdade \u00e9 que diversas vezes o trabalho tornou-se divertido.<br \/>\nObviamente, este in\u00edcio numa cl\u00ednica mais pequena teve os seus desafios. Numa fase inicial foi extremamente dif\u00edcil fazer amizades ou ter uma vida social e tinha alguma ansiedade durante as minhas horas de trabalho por ter falta de confian\u00e7a nas minhas decis\u00f5es cl\u00ednicas. Com o tempo, fui ficando mais confiante e a verdade \u00e9 que os Irlandeses s\u00e3o t\u00e3o simp\u00e1ticos e fiz tantos amigos que decidi ficar mais um ano que o previsto.<br \/>\nMais tarde, a falta de meios diagn\u00f3sticos e as restri\u00e7\u00f5es econ\u00f3micas foram um dos fatores que contribu\u00edram para a minha sa\u00edda. Os hor\u00e1rios eram muito longos, o que pode ser visto como uma desvantagem mas a verdade \u00e9 que numa fase inicial quanto mais casos vemos mais aprendemos &#8211; essa \u00e9 uma das vantagens de uma grande casu\u00edstica.<br \/>\nEm resumo gostei muito da experi\u00eancia al\u00e9m de me ter dado uma grande base de cl\u00ednica equina de primeira opini\u00e3o, tamb\u00e9m me deu algumas bases de ruminantes e abriu-me portas para outras oportunidades. Preparo agora ansiosamente as minhas futuras aventuras, feliz por saber que tenho sempre uma segunda casa em Galway.<\/p>\n<p>&nbsp;<\/p>\n","protected":false},"excerpt":{"rendered":"<p>Veterin\u00e1rios pelo Mundo &nbsp; O meu nome \u00e9 Joana Pereira e sou natura de Portugal. Terminei o curso de medicina veterin\u00e1ria em Julho de 2017 e iniciei o meu primeiro emprego em Outubro do mesmo ano em Galway, na Irlanda, numa cl\u00ednica mista em que 90% do trabalho incidia sobre a \u00e1rea de medicina equina, [&hellip;]<\/p>\n","protected":false},"author":3,"featured_media":0,"comment_status":"open","ping_status":"open","sticky":false,"template":"","format":"standard","meta":{"_monsterinsights_skip_tracking":false,"_monsterinsights_sitenote_active":false,"_monsterinsights_sitenote_note":"","_monsterinsights_sitenote_category":0,"footnotes":""},"categories":[1],"tags":[],"_links":{"self":[{"href":"https:\/\/www.improveinternational.com\/ambassador\/wp-json\/wp\/v2\/posts\/4242"}],"collection":[{"href":"https:\/\/www.improveinternational.com\/ambassador\/wp-json\/wp\/v2\/posts"}],"about":[{"href":"https:\/\/www.improveinternational.com\/ambassador\/wp-json\/wp\/v2\/types\/post"}],"author":[{"embeddable":true,"href":"https:\/\/www.improveinternational.com\/ambassador\/wp-json\/wp\/v2\/users\/3"}],"replies":[{"embeddable":true,"href":"https:\/\/www.improveinternational.com\/ambassador\/wp-json\/wp\/v2\/comments?post=4242"}],"version-history":[{"count":1,"href":"https:\/\/www.improveinternational.com\/ambassador\/wp-json\/wp\/v2\/posts\/4242\/revisions"}],"predecessor-version":[{"id":4243,"href":"https:\/\/www.improveinternational.com\/ambassador\/wp-json\/wp\/v2\/posts\/4242\/revisions\/4243"}],"wp:attachment":[{"href":"https:\/\/www.improveinternational.com\/ambassador\/wp-json\/wp\/v2\/media?parent=4242"}],"wp:term":[{"taxonomy":"category","embeddable":true,"href":"https:\/\/www.improveinternational.com\/ambassador\/wp-json\/wp\/v2\/categories?post=4242"},{"taxonomy":"post_tag","embeddable":true,"href":"https:\/\/www.improveinternational.com\/ambassador\/wp-json\/wp\/v2\/tags?post=4242"}],"curies":[{"name":"wp","href":"https:\/\/api.w.org\/{rel}","templated":true}]}}