{"id":4303,"date":"2020-03-25T12:56:32","date_gmt":"2020-03-25T12:56:32","guid":{"rendered":"https:\/\/www.improveinternational.com\/ambassador\/?p=4303"},"modified":"2020-03-25T12:56:32","modified_gmt":"2020-03-25T12:56:32","slug":"fogo-de-artificio-e-o-desenvolvimento-de-fobias","status":"publish","type":"post","link":"https:\/\/www.improveinternational.com\/ambassador\/2020\/03\/25\/fogo-de-artificio-e-o-desenvolvimento-de-fobias\/","title":{"rendered":"Fogo de artificio e o desenvolvimento de fobias"},"content":{"rendered":"<h3><strong><\/strong>Fogo de artificio e o desenvolvimento de fobias<\/h3>\n<p style=\"text-align: center;\"><img loading=\"lazy\" decoding=\"async\" src=\"https:\/\/www.improveinternational.com\/ambassador\/wp-content\/uploads\/2020\/03\/CM_Prancheta-1-co\u2560\u00fcpia-29.jpg\" width=\"350\" height=\"350\" border=\"0\" \/><\/p>\n<p>&nbsp;<\/p>\n<p>: \u00c9 sabido que os fogos de artif\u00edcio podem conduzir a sensa\u00e7\u00f5es como medo, ansiedade e at\u00e9 mesmo fobia. No entanto e apesar do que se poderia pensar estas podem ter consequ\u00eancias emocionais muito mais severas e a longo-prazo nos nossos animais de companhia. Estudos anteriores revelam que cerca de 49% dos tutores admitem que o seu animal de companhia sofre de algum tipo de medo ou sensibilidade aos sons, sendo que se verificou tamb\u00e9m uma normaliza\u00e7\u00e3o do medo canino relativamente ao fogo de artificio.<br \/>\nSendo assim \u00e9 relevante distinguir que apesar de ser considerado \u201cnormal\u201d os animais de companhia experienciarem medo durante um espet\u00e1culo de fogo de artificio, uma experi\u00eancia emocional significativamente negativa pode ter um impacto desfavor\u00e1vel na vida desse mesmo animal a longo prazo.<br \/>\nInvestiga\u00e7\u00f5es anteriores revelam que c\u00e3es com medo ou sensibilidade responsiva a fogo de artif\u00edcio apresentam com maior frequ\u00eancia respostas emocionais negativas a outros est\u00edmulos sonoros intensos como trovoadas e tiros.<br \/>\nGarantir ajuda e aconselhamento aos tutores e aos seus animais de companhia \u00e9 um papel fundamental enquanto m\u00e9dico-veterin\u00e1rio, sendo que ao abordar animais que evidenciam fobias e sensibilidade aos sons, especialmente o medo relacionado com fogo de artificio \u00e9 de extrema import\u00e2ncia selecionar estrat\u00e9gias apropriadas de modo a que o animal consiga lidar com o medo e gerir a sua resposta emocional. Sendo por vezes indicado o uso de medica\u00e7\u00e3o de modo a evitar potenciais associa\u00e7\u00f5es negativas que ir\u00e3o conduzir a danos emocionais irrevers\u00edveis. <\/p>\n<p>&nbsp;<\/p>\n<p style=\"marin-top: 30px;\"><a class=\"button_full\"href=\"https:\/\/www.vettimes.co.uk\/article\/fireworks-season-why-proactive-practice-wide-approach-is-vital\/\"><strong>VER MAIS<\/strong><\/a><\/p>\n","protected":false},"excerpt":{"rendered":"<p>Fogo de artificio e o desenvolvimento de fobias &nbsp; : \u00c9 sabido que os fogos de artif\u00edcio podem conduzir a sensa\u00e7\u00f5es como medo, ansiedade e at\u00e9 mesmo fobia. No entanto e apesar do que se poderia pensar estas podem ter consequ\u00eancias emocionais muito mais severas e a longo-prazo nos nossos animais de companhia. Estudos anteriores [&hellip;]<\/p>\n","protected":false},"author":3,"featured_media":0,"comment_status":"open","ping_status":"open","sticky":false,"template":"","format":"standard","meta":{"_monsterinsights_skip_tracking":false,"_monsterinsights_sitenote_active":false,"_monsterinsights_sitenote_note":"","_monsterinsights_sitenote_category":0,"footnotes":""},"categories":[1],"tags":[],"_links":{"self":[{"href":"https:\/\/www.improveinternational.com\/ambassador\/wp-json\/wp\/v2\/posts\/4303"}],"collection":[{"href":"https:\/\/www.improveinternational.com\/ambassador\/wp-json\/wp\/v2\/posts"}],"about":[{"href":"https:\/\/www.improveinternational.com\/ambassador\/wp-json\/wp\/v2\/types\/post"}],"author":[{"embeddable":true,"href":"https:\/\/www.improveinternational.com\/ambassador\/wp-json\/wp\/v2\/users\/3"}],"replies":[{"embeddable":true,"href":"https:\/\/www.improveinternational.com\/ambassador\/wp-json\/wp\/v2\/comments?post=4303"}],"version-history":[{"count":1,"href":"https:\/\/www.improveinternational.com\/ambassador\/wp-json\/wp\/v2\/posts\/4303\/revisions"}],"predecessor-version":[{"id":4304,"href":"https:\/\/www.improveinternational.com\/ambassador\/wp-json\/wp\/v2\/posts\/4303\/revisions\/4304"}],"wp:attachment":[{"href":"https:\/\/www.improveinternational.com\/ambassador\/wp-json\/wp\/v2\/media?parent=4303"}],"wp:term":[{"taxonomy":"category","embeddable":true,"href":"https:\/\/www.improveinternational.com\/ambassador\/wp-json\/wp\/v2\/categories?post=4303"},{"taxonomy":"post_tag","embeddable":true,"href":"https:\/\/www.improveinternational.com\/ambassador\/wp-json\/wp\/v2\/tags?post=4303"}],"curies":[{"name":"wp","href":"https:\/\/api.w.org\/{rel}","templated":true}]}}