{"id":4320,"date":"2020-04-08T18:11:47","date_gmt":"2020-04-08T17:11:47","guid":{"rendered":"https:\/\/www.improveinternational.com\/ambassador\/?p=4320"},"modified":"2020-04-08T18:11:47","modified_gmt":"2020-04-08T17:11:47","slug":"governo-holandes-toma-medidas-em-prol-do-bem-estar-das-racas-braquicefalicas","status":"publish","type":"post","link":"https:\/\/www.improveinternational.com\/ambassador\/2020\/04\/08\/governo-holandes-toma-medidas-em-prol-do-bem-estar-das-racas-braquicefalicas\/","title":{"rendered":"Governo holand\u00eas toma medidas em prol do bem-estar das ra\u00e7as braquicef\u00e1licas"},"content":{"rendered":"<h3><strong><\/strong>Governo holand\u00eas toma medidas em prol do bem-estar das ra\u00e7as braquicef\u00e1licas<\/h3>\n<p style=\"text-align: center;\"><img loading=\"lazy\" decoding=\"async\" src=\"https:\/\/www.improveinternational.com\/ambassador\/wp-content\/uploads\/2020\/04\/LM_Prancheta-1-co\u2560\u00fcpia-26.jpg\" width=\"350\" height=\"350\" border=\"0\" \/><\/p>\n<p>&nbsp;<\/p>\n<p>A Holanda tornou-se, em 2019, o primeiro pa\u00eds a impor limites na cria\u00e7\u00e3o de ra\u00e7as braquicef\u00e1licas. Desde 2014 que este pa\u00eds lan\u00e7ou legisla\u00e7\u00e3o que proibia a perpetua\u00e7\u00e3o de indiv\u00edduos de ra\u00e7as que apresentassem anomalias que pudessem ser danosas para com os progenitores e\/ou as crias, como promo\u00e7\u00e3o do bem-estar animal.<br \/>\nA nova legisla\u00e7\u00e3o pretende criar um sistema de classifica\u00e7\u00e3o para caracter\u00edsticas externas das diferentes ra\u00e7as. O sistema apelidado de Traffic light system avalia medidas de cabe\u00e7a, classificando-as em tr\u00eas categorias: vermelho, laranja e verde.<br \/>\nNesta classifica\u00e7\u00e3o:<br \/>\n\u2022\tO c\u00f3digo vermelho inclui ra\u00e7as cujos esp\u00e9cimes tenham um nariz menor do que um ter\u00e7o do comprimento do seu cr\u00e2nio. Neste incluem-se muitos esp\u00e9cimes de Pugs, Bulldog Ingl\u00eas e Franc\u00eas. A cria\u00e7\u00e3o destes indiv\u00edduos seria imediatamente proibida;<br \/>\n\u2022\tO c\u00f3digo laranja \u00e9 aplicado a ra\u00e7as em que os esp\u00e9cimes tenham um nariz com um comprimento entre metade e um ter\u00e7o do comprimento do seu cr\u00e2nio. A cria\u00e7\u00e3o destes c\u00e3es \u00e9 permitida se estes cumprirem outros crit\u00e9rios;<br \/>\n\u2022\tO c\u00f3digo verde aplica-se a c\u00e3es com um nariz com comprimento superior a metade do comprimento do seu cr\u00e2nio.<\/p>\n<p>&nbsp;<\/p>\n<p style=\"text-align: center;\"><img loading=\"lazy\" decoding=\"async\" src=\"https:\/\/www.improveinternational.com\/ambassador\/wp-content\/uploads\/2020\/04\/1.jpg\" width=\"350\" height=\"350\" border=\"0\" \/><\/p>\n<p><em>Figura 1 &#8211; presente em \u201chttps:\/\/wamiz.co.uk\/news\/12517\/dutch-to-crack-down-on-the-breeding-of-short-snout-dogs&#8221;<\/em><\/p>\n<p>&nbsp;<\/p>\n<p>O governo holand\u00eas n\u00e3o v\u00ea esta legisla\u00e7\u00e3o como final e pensa ainda em tornar mais restritiva com o tempo. Carola Schouten, ministra da agricultura, natureza e qualidade alimentar, declarou que esta legisla\u00e7\u00e3o tenta criar \u201cnovas maneiras de pensar\u201d, mudando a forma como as pessoas idealizam a cria\u00e7\u00e3o de animais.<br \/>\nA cria\u00e7\u00e3o desta lei levou a que o Clube de Criadores Holand\u00eas (Raad van Beheer) e a Universidade de Utrecht colaborassem para desenvolver programas de cria\u00e7\u00e3o que assegurassem que, por exemplo, os Pugs conseguissem atingir os par\u00e2metros estabelecidos na lei.<br \/>\n\u00c9 uma primeira legisla\u00e7\u00e3o restritiva de cria\u00e7\u00e3o de ra\u00e7as implementada na Europa, sendo de esperar que tenha impacto noutros pa\u00edses.  O Royal College of Veterinary Surgeons, no Reino Unido, j\u00e1 demonstrou grande admira\u00e7\u00e3o face ao movimento.<\/p>\n<p>&nbsp;<\/p>\n<p style=\"marin-top: 30px;\"><a class=\"button_full\"href=\"https:\/\/veterinaryrecord.bmj.com\/content\/184\/23\/693.1\"><strong>VER MAIS<\/strong><\/a><\/p>\n","protected":false},"excerpt":{"rendered":"<p>Governo holand\u00eas toma medidas em prol do bem-estar das ra\u00e7as braquicef\u00e1licas &nbsp; A Holanda tornou-se, em 2019, o primeiro pa\u00eds a impor limites na cria\u00e7\u00e3o de ra\u00e7as braquicef\u00e1licas. Desde 2014 que este pa\u00eds lan\u00e7ou legisla\u00e7\u00e3o que proibia a perpetua\u00e7\u00e3o de indiv\u00edduos de ra\u00e7as que apresentassem anomalias que pudessem ser danosas para com os progenitores e\/ou [&hellip;]<\/p>\n","protected":false},"author":3,"featured_media":0,"comment_status":"open","ping_status":"open","sticky":false,"template":"","format":"standard","meta":{"_monsterinsights_skip_tracking":false,"_monsterinsights_sitenote_active":false,"_monsterinsights_sitenote_note":"","_monsterinsights_sitenote_category":0,"footnotes":""},"categories":[1],"tags":[],"_links":{"self":[{"href":"https:\/\/www.improveinternational.com\/ambassador\/wp-json\/wp\/v2\/posts\/4320"}],"collection":[{"href":"https:\/\/www.improveinternational.com\/ambassador\/wp-json\/wp\/v2\/posts"}],"about":[{"href":"https:\/\/www.improveinternational.com\/ambassador\/wp-json\/wp\/v2\/types\/post"}],"author":[{"embeddable":true,"href":"https:\/\/www.improveinternational.com\/ambassador\/wp-json\/wp\/v2\/users\/3"}],"replies":[{"embeddable":true,"href":"https:\/\/www.improveinternational.com\/ambassador\/wp-json\/wp\/v2\/comments?post=4320"}],"version-history":[{"count":4,"href":"https:\/\/www.improveinternational.com\/ambassador\/wp-json\/wp\/v2\/posts\/4320\/revisions"}],"predecessor-version":[{"id":4325,"href":"https:\/\/www.improveinternational.com\/ambassador\/wp-json\/wp\/v2\/posts\/4320\/revisions\/4325"}],"wp:attachment":[{"href":"https:\/\/www.improveinternational.com\/ambassador\/wp-json\/wp\/v2\/media?parent=4320"}],"wp:term":[{"taxonomy":"category","embeddable":true,"href":"https:\/\/www.improveinternational.com\/ambassador\/wp-json\/wp\/v2\/categories?post=4320"},{"taxonomy":"post_tag","embeddable":true,"href":"https:\/\/www.improveinternational.com\/ambassador\/wp-json\/wp\/v2\/tags?post=4320"}],"curies":[{"name":"wp","href":"https:\/\/api.w.org\/{rel}","templated":true}]}}