{"id":4360,"date":"2020-04-21T12:29:04","date_gmt":"2020-04-21T11:29:04","guid":{"rendered":"https:\/\/www.improveinternational.com\/ambassador\/?p=4360"},"modified":"2020-04-21T12:29:04","modified_gmt":"2020-04-21T11:29:04","slug":"animais-selvagens-de-coimbra-tem-novo-refugio","status":"publish","type":"post","link":"https:\/\/www.improveinternational.com\/ambassador\/2020\/04\/21\/animais-selvagens-de-coimbra-tem-novo-refugio\/","title":{"rendered":"Animais selvagens de Coimbra t\u00eam novo ref\u00fagio"},"content":{"rendered":"<h3><strong><\/strong>Animais selvagens de Coimbra t\u00eam novo ref\u00fagio<\/h3>\n<p style=\"text-align: center;\"><img loading=\"lazy\" decoding=\"async\" src=\"https:\/\/www.improveinternational.com\/ambassador\/wp-content\/uploads\/2020\/04\/EC13-fb.jpg\" width=\"350\" height=\"350\" border=\"0\" \/><\/p>\n<p>&nbsp;<\/p>\n<p>A cerca de 15 minutos de carro da cidade de Coimbra, entre Almalagu\u00eas e Rio de Galinhas, situa-se um hectare de floresta repleta de castanheiros e carvalhos onde a fica a MilVoz, Associa\u00e7\u00e3o de Prote\u00e7\u00e3o e Conserva\u00e7\u00e3o da Natureza, criada em 2019 por cidad\u00e3os de Coimbra. A associa\u00e7\u00e3o lan\u00e7ou uma campanha de crowdfunding para arranjar apoios para a cria\u00e7\u00e3o de uma reserva, tendo ultrapassado o objetivo monet\u00e1rio. Neste local, habitam animais como a lontra, o texugo, a salamandra-lusit\u00e2nica, a gineta e, pelo menos 70 esp\u00e9cies de aves.<br \/>\nO objetivo da MilVoz \u00e9 gerir este espa\u00e7o para, no futuro, criar uma rede de mini reservas, tanto na regi\u00e3o de Coimbra como noutros distritos. <\/p>\n<p>&nbsp;<\/p>\n<p style=\"marin-top: 30px;\"><a class=\"button_full\"href=\"https:\/\/www.wilder.pt\/historias\/cidadaos-estao-a-criar-uma-reserva-natural-para-a-vida-selvagem-em-coimbra\/?fbclid=IwAR07QPDP3LHAc1IJE3ZM889rsvydQLJA7qeGe1qBYYEQ_o6c_HBTUcVbYQM\"><strong>VER MAIS<\/strong><\/a><\/p>\n","protected":false},"excerpt":{"rendered":"<p>Animais selvagens de Coimbra t\u00eam novo ref\u00fagio &nbsp; A cerca de 15 minutos de carro da cidade de Coimbra, entre Almalagu\u00eas e Rio de Galinhas, situa-se um hectare de floresta repleta de castanheiros e carvalhos onde a fica a MilVoz, Associa\u00e7\u00e3o de Prote\u00e7\u00e3o e Conserva\u00e7\u00e3o da Natureza, criada em 2019 por cidad\u00e3os de Coimbra. A [&hellip;]<\/p>\n","protected":false},"author":3,"featured_media":0,"comment_status":"open","ping_status":"open","sticky":false,"template":"","format":"standard","meta":{"_monsterinsights_skip_tracking":false,"_monsterinsights_sitenote_active":false,"_monsterinsights_sitenote_note":"","_monsterinsights_sitenote_category":0,"footnotes":""},"categories":[1],"tags":[],"_links":{"self":[{"href":"https:\/\/www.improveinternational.com\/ambassador\/wp-json\/wp\/v2\/posts\/4360"}],"collection":[{"href":"https:\/\/www.improveinternational.com\/ambassador\/wp-json\/wp\/v2\/posts"}],"about":[{"href":"https:\/\/www.improveinternational.com\/ambassador\/wp-json\/wp\/v2\/types\/post"}],"author":[{"embeddable":true,"href":"https:\/\/www.improveinternational.com\/ambassador\/wp-json\/wp\/v2\/users\/3"}],"replies":[{"embeddable":true,"href":"https:\/\/www.improveinternational.com\/ambassador\/wp-json\/wp\/v2\/comments?post=4360"}],"version-history":[{"count":1,"href":"https:\/\/www.improveinternational.com\/ambassador\/wp-json\/wp\/v2\/posts\/4360\/revisions"}],"predecessor-version":[{"id":4361,"href":"https:\/\/www.improveinternational.com\/ambassador\/wp-json\/wp\/v2\/posts\/4360\/revisions\/4361"}],"wp:attachment":[{"href":"https:\/\/www.improveinternational.com\/ambassador\/wp-json\/wp\/v2\/media?parent=4360"}],"wp:term":[{"taxonomy":"category","embeddable":true,"href":"https:\/\/www.improveinternational.com\/ambassador\/wp-json\/wp\/v2\/categories?post=4360"},{"taxonomy":"post_tag","embeddable":true,"href":"https:\/\/www.improveinternational.com\/ambassador\/wp-json\/wp\/v2\/tags?post=4360"}],"curies":[{"name":"wp","href":"https:\/\/api.w.org\/{rel}","templated":true}]}}