{"id":4387,"date":"2020-04-30T17:41:04","date_gmt":"2020-04-30T16:41:04","guid":{"rendered":"https:\/\/www.improveinternational.com\/ambassador\/?p=4387"},"modified":"2020-04-30T17:41:20","modified_gmt":"2020-04-30T16:41:20","slug":"4387","status":"publish","type":"post","link":"https:\/\/www.improveinternational.com\/ambassador\/2020\/04\/30\/4387\/","title":{"rendered":"Primeira vacina oral para c\u00e3es na Europa"},"content":{"rendered":"<h3><strong><\/strong>Primeira vacina oral para c\u00e3es na Europa<\/h3>\n<p style=\"text-align: center;\"><img loading=\"lazy\" decoding=\"async\" src=\"https:\/\/www.improveinternational.com\/ambassador\/wp-content\/uploads\/2020\/04\/amb_TP-fb.jpg\" width=\"350\" height=\"350\" border=\"0\" \/><\/p>\n<p>&nbsp;<\/p>\n<p>A 31 de Outubro de 2019, a Zoetis anunciou o lan\u00e7amento da primeira vacina oral para c\u00e3es na Europa. Esta vacina objetiva proteger os can\u00eddeos de Bordetella bronchiseptica que, juntamente com os v\u00edrus Parainfluenza e CAV 2, forma o complexo infecioso associado \u00e0 tosse do canil ou traqueobronquite infeciosa canina. Esta \u00e9 uma doen\u00e7a com etiologia multifatorial que, apesar de n\u00e3o debilitar muito o animal, lhe provoca algum desconforto associado \u00e0 presen\u00e7a de uma tosse tipicamente profunda, seca e incomodativa. A Bordetella bronchiseptica e\u0301 um bacilo gram &#8211; m\u00f3vel muito bem-adaptado ao trato respirat\u00f3rio superior do c\u00e3o, que produz fatores de virul\u00eancia como adesinas e toxinas respons\u00e1veis pela destrui\u00e7\u00e3o ciliar do epit\u00e9lio respirat\u00f3rio, inibi\u00e7\u00e3o do sistema imunit\u00e1rio, entre outros. Esta bact\u00e9ria e\u0301 capaz de penetrar nas c\u00e9lulas do trato respirat\u00f3rio superior, aumentando a sua taxa de sobreviv\u00eancia face aos mecanismos inespec\u00edficos e espec\u00edficos de defesa do c\u00e3o e face aos antibi\u00f3ticos. \u00c9 ainda capaz de sobreviver ate\u0301 24 semanas em \u00e1guas paradas, infetando facilmente outros c\u00e3es e humanos imunocomprometidos, o que a torna num problema para a sa\u00fade p\u00fablica. A doen\u00e7a transmite-se com muita facilidade em ambientes fechados atrav\u00e9s de espirros, aeross\u00f3is e fomites, surge repentinamente e afeta c\u00e3es de diferentes faixas et\u00e1rias e em qualquer \u00e9poca do ano, ainda que os meses mais frios favore\u00e7am a ocorr\u00eancia da doen\u00e7a. O seu per\u00edodo de incuba\u00e7\u00e3o no c\u00e3o \u00e9 de cerca de 3 a 10 dias, o quadro cl\u00ednico caracteriza-se por sinais como febre, inapet\u00eancia, conjuntivite, rinite, amigdalite, espirros, tosse seca e dispneia, e o epis\u00f3dio de doen\u00e7a pode persistir at\u00e9 3 a 4 semanas. At\u00e9 ao momento, existiam duas vacinas dispon\u00edveis no mercado para a tosse do canil na Europa: Bronchi-shield III\u00ae, uma vacina parenteral atenuada de revacina\u00e7\u00e3o anual contra Bordetella bronchiseptica, CAV 2 e Parainfluenza; e Pneumodog\u00ae, uma vacina intranasal inativada de revacina\u00e7\u00e3o anual contra Bordetella bronchiseptica e Parainfluenza.<br \/>\nVersican\u00aePlus Bb Oral \u00e9 uma vacina l\u00edquida que surge como uma nova op\u00e7\u00e3o de vacina\u00e7\u00e3o contra Bordetella bronchiseptica. \u00c9 de f\u00e1cil administra\u00e7\u00e3o e confere imunidade contra o agente durante 12 meses. Pode ser administrada uma dose \u00fanica oralmente a cachorros a partir das 8 semanas de idade, sendo recomendada revacina\u00e7\u00e3o anual para que o animal fique permanentemente protegido. A Dr. Eileen Ball, l\u00edder mundial em medicina veterin\u00e1ria das doen\u00e7as infeciosas de animais de companhia na Zoetis disse: \u201cVersican\u00aePlus Bb Oral providencia uma prote\u00e7\u00e3o robusta, assim como um m\u00e9todo de administra\u00e7\u00e3o inovador e menos traumatizante. A nova op\u00e7\u00e3o de administra\u00e7\u00e3o oral proporciona uma experi\u00eancia mais positiva para c\u00e3es, tutores e veterin\u00e1rios. Esperamos que essa nova op\u00e7\u00e3o de vacina\u00e7\u00e3o leve a um aumento nas recomenda\u00e7\u00f5es para preven\u00e7\u00e3o de Bordetella, melhor cumprimento do plano de vacina\u00e7\u00e3o e, finalmente, a uma popula\u00e7\u00e3o mais saud\u00e1vel de c\u00e3es.\u201d. Concluindo, existe agora uma nova op\u00e7\u00e3o de vacina\u00e7\u00e3o para a tosse do canil, que confere prote\u00e7\u00e3o contra o agente com potencial zoon\u00f3tico e que causa uma maior morbilidade de entre os tr\u00eas microrganismos patog\u00e9nicos do complexo infecioso, sendo esta nova op\u00e7\u00e3o menos traumatizante para o animal sem que a robustez da prote\u00e7\u00e3o seja afetada e, por esse motivo, uma esperan\u00e7a de que seja mais facilmente adaptada pelos tutores.<\/p>\n","protected":false},"excerpt":{"rendered":"<p>Primeira vacina oral para c\u00e3es na Europa &nbsp; A 31 de Outubro de 2019, a Zoetis anunciou o lan\u00e7amento da primeira vacina oral para c\u00e3es na Europa. Esta vacina objetiva proteger os can\u00eddeos de Bordetella bronchiseptica que, juntamente com os v\u00edrus Parainfluenza e CAV 2, forma o complexo infecioso associado \u00e0 tosse do canil ou [&hellip;]<\/p>\n","protected":false},"author":3,"featured_media":0,"comment_status":"open","ping_status":"open","sticky":false,"template":"","format":"standard","meta":{"_monsterinsights_skip_tracking":false,"_monsterinsights_sitenote_active":false,"_monsterinsights_sitenote_note":"","_monsterinsights_sitenote_category":0,"footnotes":""},"categories":[1],"tags":[],"_links":{"self":[{"href":"https:\/\/www.improveinternational.com\/ambassador\/wp-json\/wp\/v2\/posts\/4387"}],"collection":[{"href":"https:\/\/www.improveinternational.com\/ambassador\/wp-json\/wp\/v2\/posts"}],"about":[{"href":"https:\/\/www.improveinternational.com\/ambassador\/wp-json\/wp\/v2\/types\/post"}],"author":[{"embeddable":true,"href":"https:\/\/www.improveinternational.com\/ambassador\/wp-json\/wp\/v2\/users\/3"}],"replies":[{"embeddable":true,"href":"https:\/\/www.improveinternational.com\/ambassador\/wp-json\/wp\/v2\/comments?post=4387"}],"version-history":[{"count":2,"href":"https:\/\/www.improveinternational.com\/ambassador\/wp-json\/wp\/v2\/posts\/4387\/revisions"}],"predecessor-version":[{"id":4389,"href":"https:\/\/www.improveinternational.com\/ambassador\/wp-json\/wp\/v2\/posts\/4387\/revisions\/4389"}],"wp:attachment":[{"href":"https:\/\/www.improveinternational.com\/ambassador\/wp-json\/wp\/v2\/media?parent=4387"}],"wp:term":[{"taxonomy":"category","embeddable":true,"href":"https:\/\/www.improveinternational.com\/ambassador\/wp-json\/wp\/v2\/categories?post=4387"},{"taxonomy":"post_tag","embeddable":true,"href":"https:\/\/www.improveinternational.com\/ambassador\/wp-json\/wp\/v2\/tags?post=4387"}],"curies":[{"name":"wp","href":"https:\/\/api.w.org\/{rel}","templated":true}]}}