{"id":4659,"date":"2020-09-24T10:35:27","date_gmt":"2020-09-24T09:35:27","guid":{"rendered":"https:\/\/www.improveinternational.com\/ambassador\/?p=4659"},"modified":"2020-09-24T10:35:27","modified_gmt":"2020-09-24T09:35:27","slug":"a-expansao-do-guaxinim-na-peninsula-iberica","status":"publish","type":"post","link":"https:\/\/www.improveinternational.com\/ambassador\/2020\/09\/24\/a-expansao-do-guaxinim-na-peninsula-iberica\/","title":{"rendered":"A expans\u00e3o do guaxinim na Pen\u00ednsula Ib\u00e9rica"},"content":{"rendered":"<h3><strong><\/strong>A expans\u00e3o do guaxinim na Pen\u00ednsula Ib\u00e9rica<\/h3>\n<p style=\"text-align: center;\"><img loading=\"lazy\" decoding=\"async\" src=\"https:\/\/www.improveinternational.com\/ambassador\/wp-content\/uploads\/2020\/09\/SA_21_SA-fb-c\u00f3pia.jpg\" width=\"350\" height=\"350\" border=\"0\" \/><\/p>\n<p>&nbsp;<\/p>\n<p>O guaxinim (Procyon lotor) \u00e9 um mam\u00edfero origin\u00e1rio da Am\u00e9rica, mas que se tem espalhado por toda a Europa. Ter\u00e1 sido libertado pela primeira vez no continente europeu em 1927, na Alemanha, e desde ent\u00e3o tem-se expandido gra\u00e7as a liberta\u00e7\u00f5es deliberadas e fugas de cativeiro.<br \/>\nA presen\u00e7a deste animal em Portugal pode constituir mais um risco para a fauna aut\u00f3ctone e principalmente para as esp\u00e9cies das quais o guaxinim se alimenta e que j\u00e1 se encontram com estatuto preocupante. A lontra, o c\u00e1gado-mediterr\u00e2neo ou o mexilh\u00e3o-de-rio s\u00e3o exemplos de esp\u00e9cies cuja popula\u00e7\u00e3o poder\u00e1 diminuir facilmente pela domin\u00e2ncia e competitividade deste mam\u00edfero. Diversas aves aqu\u00e1ticas que fazem ninhos tamb\u00e9m ir\u00e3o sofrer, j\u00e1 que os seus ovos s\u00e3o alvos f\u00e1ceis para este carn\u00edvoro.<br \/>\nEste animal pode ainda significar um risco de sa\u00fade, pois pode ser portador de Balisascarys procyonis, (nem\u00e1todo mortal para os humanos), raiva e outras doen\u00e7as que afetam tamb\u00e9m os animais dom\u00e9sticos.<br \/>\nEm Portugal foram avistados 4 vezes. O primeiro ocorreu em 2008 em Vila Nova de Famalic\u00e3o e foi certificado por um registo fotogr\u00e1fico do esp\u00e9cime. Tamb\u00e9m em 2014 foi confirmado outro avistamento tamb\u00e9m com registo fotogr\u00e1fico em Esposende. Em Santar\u00e9m (2012) e Cascais (2013) n\u00e3o h\u00e1 confirma\u00e7\u00e3o destes avistamentos.<br \/>\nA popula\u00e7\u00e3o reprodutora mais significativa e pr\u00f3xima de Portugal estar\u00e1 na regi\u00e3o espanhola de Madrid, nas margens dos rios Jarama e Henares que s\u00e3o afluentes do rio Tejo. Os rios podem ser um corredor de dispers\u00e3o, o que permite que o vale do rio Tejo se torne uma \u00e1rea com grande risco de invas\u00e3o.<br \/>\nEstes animais podem existir em qualquer lado, desde que haja a presen\u00e7a de \u00e1gua. A sua alta adaptabilidade pode ser explicada pelos seus h\u00e1bitos alimentares, pois comporta-se como um omn\u00edvoro oportunista. Al\u00e9m disso, n\u00e3o tem predadores naturais na Europa.<br \/>\nA deten\u00e7\u00e3o do guaxinim (Procyon lotor) como animal dom\u00e9stico em Portugal \u00e9 proibida desde 1999.<\/p>\n<p>&nbsp;<\/p>\n<p style=\"marin-top: 30px;\"><a class=\"button_full\"href=\"https:\/\/www.wilder.pt\/historias\/biologos-estao-a-estudar-risco-de-expansao-do-guaxinim-em-portugal\/\"><strong>VER MAIS<\/strong><\/a><\/p>\n","protected":false},"excerpt":{"rendered":"<p>A expans\u00e3o do guaxinim na Pen\u00ednsula Ib\u00e9rica &nbsp; O guaxinim (Procyon lotor) \u00e9 um mam\u00edfero origin\u00e1rio da Am\u00e9rica, mas que se tem espalhado por toda a Europa. Ter\u00e1 sido libertado pela primeira vez no continente europeu em 1927, na Alemanha, e desde ent\u00e3o tem-se expandido gra\u00e7as a liberta\u00e7\u00f5es deliberadas e fugas de cativeiro. A presen\u00e7a [&hellip;]<\/p>\n","protected":false},"author":3,"featured_media":0,"comment_status":"open","ping_status":"open","sticky":false,"template":"","format":"standard","meta":{"_monsterinsights_skip_tracking":false,"_monsterinsights_sitenote_active":false,"_monsterinsights_sitenote_note":"","_monsterinsights_sitenote_category":0,"footnotes":""},"categories":[1],"tags":[],"_links":{"self":[{"href":"https:\/\/www.improveinternational.com\/ambassador\/wp-json\/wp\/v2\/posts\/4659"}],"collection":[{"href":"https:\/\/www.improveinternational.com\/ambassador\/wp-json\/wp\/v2\/posts"}],"about":[{"href":"https:\/\/www.improveinternational.com\/ambassador\/wp-json\/wp\/v2\/types\/post"}],"author":[{"embeddable":true,"href":"https:\/\/www.improveinternational.com\/ambassador\/wp-json\/wp\/v2\/users\/3"}],"replies":[{"embeddable":true,"href":"https:\/\/www.improveinternational.com\/ambassador\/wp-json\/wp\/v2\/comments?post=4659"}],"version-history":[{"count":1,"href":"https:\/\/www.improveinternational.com\/ambassador\/wp-json\/wp\/v2\/posts\/4659\/revisions"}],"predecessor-version":[{"id":4660,"href":"https:\/\/www.improveinternational.com\/ambassador\/wp-json\/wp\/v2\/posts\/4659\/revisions\/4660"}],"wp:attachment":[{"href":"https:\/\/www.improveinternational.com\/ambassador\/wp-json\/wp\/v2\/media?parent=4659"}],"wp:term":[{"taxonomy":"category","embeddable":true,"href":"https:\/\/www.improveinternational.com\/ambassador\/wp-json\/wp\/v2\/categories?post=4659"},{"taxonomy":"post_tag","embeddable":true,"href":"https:\/\/www.improveinternational.com\/ambassador\/wp-json\/wp\/v2\/tags?post=4659"}],"curies":[{"name":"wp","href":"https:\/\/api.w.org\/{rel}","templated":true}]}}