{"id":4714,"date":"2020-10-14T14:45:32","date_gmt":"2020-10-14T13:45:32","guid":{"rendered":"https:\/\/www.improveinternational.com\/ambassador\/?p=4714"},"modified":"2020-10-14T15:50:26","modified_gmt":"2020-10-14T14:50:26","slug":"urso-pardo-avistado-em-espanha","status":"publish","type":"post","link":"https:\/\/www.improveinternational.com\/ambassador\/2020\/10\/14\/urso-pardo-avistado-em-espanha\/","title":{"rendered":"Urso-Pardo avistado em Espanha"},"content":{"rendered":"<h3><strong><\/strong>Urso-Pardo avistado em Espanha<\/h3>\n<p style=\"text-align: center;\"><img loading=\"lazy\" decoding=\"async\" src=\"https:\/\/www.improveinternational.com\/ambassador\/wp-content\/uploads\/2020\/10\/BM_BM-fb-c\u00f3pia-6.jpg\" width=\"350\" height=\"350\" border=\"0\" \/><\/p>\n<p>&nbsp;<\/p>\n<p>Um urso-pardo foi filmado pela primeira vez em Ourense, na Galiza, perto da fronteira com Portugal, por uma equipa de filmagem que se encontrava na zona a rodar um filme do realizador Pela del \u00c1lamo.<br \/>\nAs imagens mostram a presen\u00e7a de um urso-pardo macho, entre os tr\u00eas e cinco anos, a vaguear por v\u00e1rios locais do Parque Natural O Invernadeiro, na Galiza.<br \/>\nH\u00e1 dois anos, a equipa de produ\u00e7\u00e3o do filme deixou v\u00e1rias c\u00e2maras espalhas pelo parque natural para recolher imagens da vida selvagem. Mas n\u00e3o estavam \u00e0 espera de que as c\u00e2maras captassem um exemplar de urso-pardo, uma esp\u00e9cie protegida em Espanha desde 1973. Estes registos ir\u00e3o agora fazer parte do filme que est\u00e1 ainda em fase de desenvolvimento.<br \/>\nO departamento de comunica\u00e7\u00e3o do parque natural garante que o animal passou ali o Inverno, o que significa que o espa\u00e7o tem as condi\u00e7\u00f5es necess\u00e1rias para que outros ursos possam estabelecer-se futuramente na zona.<br \/>\nO Di\u00e1rio de Pontevedra destaca que, ao que tudo indica, este animal estaria fixado provavelmente na serra do Courel e ter\u00e1 viajado at\u00e9 Ourense.<\/p>\n<p>&nbsp;<\/p>\n<p style=\"marin-top: 30px;\"><a class=\"button_full\"href=\"https:\/\/www.publico.pt\/2020\/05\/04\/p3\/noticia\/avistado-filmado-ursopardo-galiza-150-anos-1914946\"><strong>VER MAIS<\/strong><\/a><\/p>\n","protected":false},"excerpt":{"rendered":"<p>Urso-Pardo avistado em Espanha &nbsp; Um urso-pardo foi filmado pela primeira vez em Ourense, na Galiza, perto da fronteira com Portugal, por uma equipa de filmagem que se encontrava na zona a rodar um filme do realizador Pela del \u00c1lamo. As imagens mostram a presen\u00e7a de um urso-pardo macho, entre os tr\u00eas e cinco anos, [&hellip;]<\/p>\n","protected":false},"author":3,"featured_media":0,"comment_status":"open","ping_status":"open","sticky":false,"template":"","format":"standard","meta":{"_monsterinsights_skip_tracking":false,"_monsterinsights_sitenote_active":false,"_monsterinsights_sitenote_note":"","_monsterinsights_sitenote_category":0,"footnotes":""},"categories":[1],"tags":[],"_links":{"self":[{"href":"https:\/\/www.improveinternational.com\/ambassador\/wp-json\/wp\/v2\/posts\/4714"}],"collection":[{"href":"https:\/\/www.improveinternational.com\/ambassador\/wp-json\/wp\/v2\/posts"}],"about":[{"href":"https:\/\/www.improveinternational.com\/ambassador\/wp-json\/wp\/v2\/types\/post"}],"author":[{"embeddable":true,"href":"https:\/\/www.improveinternational.com\/ambassador\/wp-json\/wp\/v2\/users\/3"}],"replies":[{"embeddable":true,"href":"https:\/\/www.improveinternational.com\/ambassador\/wp-json\/wp\/v2\/comments?post=4714"}],"version-history":[{"count":1,"href":"https:\/\/www.improveinternational.com\/ambassador\/wp-json\/wp\/v2\/posts\/4714\/revisions"}],"predecessor-version":[{"id":4715,"href":"https:\/\/www.improveinternational.com\/ambassador\/wp-json\/wp\/v2\/posts\/4714\/revisions\/4715"}],"wp:attachment":[{"href":"https:\/\/www.improveinternational.com\/ambassador\/wp-json\/wp\/v2\/media?parent=4714"}],"wp:term":[{"taxonomy":"category","embeddable":true,"href":"https:\/\/www.improveinternational.com\/ambassador\/wp-json\/wp\/v2\/categories?post=4714"},{"taxonomy":"post_tag","embeddable":true,"href":"https:\/\/www.improveinternational.com\/ambassador\/wp-json\/wp\/v2\/tags?post=4714"}],"curies":[{"name":"wp","href":"https:\/\/api.w.org\/{rel}","templated":true}]}}