{"id":4860,"date":"2020-12-30T16:42:56","date_gmt":"2020-12-30T16:42:56","guid":{"rendered":"https:\/\/www.improveinternational.com\/ambassador\/?p=4860"},"modified":"2020-12-30T16:42:56","modified_gmt":"2020-12-30T16:42:56","slug":"suplementacao-com-polen-de-abelha-melhora-imunidade-de-cavalos","status":"publish","type":"post","link":"https:\/\/www.improveinternational.com\/ambassador\/2020\/12\/30\/suplementacao-com-polen-de-abelha-melhora-imunidade-de-cavalos\/","title":{"rendered":"Suplementa\u00e7\u00e3o com P\u00f3len de Abelha melhora Imunidade de Cavalos"},"content":{"rendered":"<h3>Suplementa\u00e7\u00e3o com P\u00f3len de Abelha melhora Imunidade de Cavalos<\/h3>\n<p style=\"text-align: center;\"><img loading=\"lazy\" decoding=\"async\" src=\"https:\/\/www.improveinternational.com\/ambassador\/wp-content\/uploads\/2020\/12\/AMB-PT-DEZ_BM-fb.png\" width=\"350\" height=\"350\" border=\"0\" \/><\/p>\n<p>&nbsp;<\/p>\n<p>Sabe-se que tanto os humanos como os cavalos, com o aumento da idade sofrem uma diminui\u00e7\u00e3o da fun\u00e7\u00e3o imune, estando mais sujeitos a desenvolver infe\u00e7\u00f5es. Esta diminui\u00e7\u00e3o da fun\u00e7\u00e3o imune nos cavalos idosos \u00e9 mais relevante durante o outono. Relat\u00f3rios anteriores indicaram que a \u00e9poca do ano influencia a composi\u00e7\u00e3o qu\u00edmica e morfol\u00f3gica do sangue. Este decl\u00ednio nos valores dos par\u00e2metros hematol\u00f3gicos associados \u00e0 sazonalidade \u00e9 geralmente reconhecido como um fen\u00f3meno negativo, pois aumenta a predisposi\u00e7\u00e3o ao mau funcionamento do sistema imunol\u00f3gico.<br \/>\n&nbsp;<br \/>\nO p\u00f3len de abelha \u00e9 um produto rico em vitaminas, com propriedades antioxidantes e anti-inflamat\u00f3rias. A administra\u00e7\u00e3o de p\u00f3len de abelha a animais n\u00e3o \u00e9 muito comum, mas sabe-se que a sua utiliza\u00e7\u00e3o traz benef\u00edcios para o sistema imunit\u00e1rio e para a atividade de certas enzimas.<br \/>\n&nbsp;<br \/>\nDeste modo, foi realizado um estudo com um grupo de 16 cavalos. A metade dos cavalos do grupo foi administrado um suplemento de p\u00f3len de abelha durante 30 dias no outono e a outra metade n\u00e3o foi administrado nada, servindo este \u00faltimo como grupo de controlo. Foram realizadas an\u00e1lises sangu\u00edneas antes de se iniciar a suplementa\u00e7\u00e3o com p\u00f3len e passado 30 dias de suplementa\u00e7\u00e3o.<br \/>\n&nbsp;<br \/>\nCom este estudo verificou-se que a suplementa\u00e7\u00e3o com p\u00f3len de abelha n\u00e3o perturbou o estado de sa\u00fade dos cavalos estudados. Al\u00e9m disso, a suplementa\u00e7\u00e3o influenciou positivamente alguns dos par\u00e2metros. Em primeiro lugar, cavalos que receberam p\u00f3len de abelha n\u00e3o mostraram algumas das redu\u00e7\u00f5es nos par\u00e2metros hematol\u00f3gicos observados no grupo controlo, como uma redu\u00e7\u00e3o do n\u00famero de eritr\u00f3citos, hemat\u00f3crito e concentra\u00e7\u00e3o de hemoglobina.<br \/>\n&nbsp;<br \/>\nEm conclus\u00e3o, a suplementa\u00e7\u00e3o com p\u00f3len de abelha em cavalos idosos durante o outono tem efeitos ben\u00e9ficos pois inibe a queda nos par\u00e2metros hematol\u00f3gicos observados em cavalos controlo. Estudos futuros s\u00e3o necess\u00e1rios para avaliar os poss\u00edveis efeitos da suplementa\u00e7\u00e3o de p\u00f3len de abelha em cavalos de diferentes idades e\/ou estado de sa\u00fade.<\/p>\n<p>&nbsp;<\/p>\n<p style=\"marin-top: 30px;\"><a class=\"button_full\" href=\"https:\/\/www.sciencedirect.com\/science\/article\/pii\/S0737080620301155\"><strong>VER MAIS<\/strong><\/a><\/p>\n","protected":false},"excerpt":{"rendered":"<p>Suplementa\u00e7\u00e3o com P\u00f3len de Abelha melhora Imunidade de Cavalos &nbsp; Sabe-se que tanto os humanos como os cavalos, com o aumento da idade sofrem uma diminui\u00e7\u00e3o da fun\u00e7\u00e3o imune, estando mais sujeitos a desenvolver infe\u00e7\u00f5es. Esta diminui\u00e7\u00e3o da fun\u00e7\u00e3o imune nos cavalos idosos \u00e9 mais relevante durante o outono. Relat\u00f3rios anteriores indicaram que a \u00e9poca [&hellip;]<\/p>\n","protected":false},"author":4,"featured_media":0,"comment_status":"open","ping_status":"open","sticky":false,"template":"","format":"standard","meta":{"_monsterinsights_skip_tracking":false,"_monsterinsights_sitenote_active":false,"_monsterinsights_sitenote_note":"","_monsterinsights_sitenote_category":0,"footnotes":""},"categories":[1],"tags":[],"_links":{"self":[{"href":"https:\/\/www.improveinternational.com\/ambassador\/wp-json\/wp\/v2\/posts\/4860"}],"collection":[{"href":"https:\/\/www.improveinternational.com\/ambassador\/wp-json\/wp\/v2\/posts"}],"about":[{"href":"https:\/\/www.improveinternational.com\/ambassador\/wp-json\/wp\/v2\/types\/post"}],"author":[{"embeddable":true,"href":"https:\/\/www.improveinternational.com\/ambassador\/wp-json\/wp\/v2\/users\/4"}],"replies":[{"embeddable":true,"href":"https:\/\/www.improveinternational.com\/ambassador\/wp-json\/wp\/v2\/comments?post=4860"}],"version-history":[{"count":1,"href":"https:\/\/www.improveinternational.com\/ambassador\/wp-json\/wp\/v2\/posts\/4860\/revisions"}],"predecessor-version":[{"id":4862,"href":"https:\/\/www.improveinternational.com\/ambassador\/wp-json\/wp\/v2\/posts\/4860\/revisions\/4862"}],"wp:attachment":[{"href":"https:\/\/www.improveinternational.com\/ambassador\/wp-json\/wp\/v2\/media?parent=4860"}],"wp:term":[{"taxonomy":"category","embeddable":true,"href":"https:\/\/www.improveinternational.com\/ambassador\/wp-json\/wp\/v2\/categories?post=4860"},{"taxonomy":"post_tag","embeddable":true,"href":"https:\/\/www.improveinternational.com\/ambassador\/wp-json\/wp\/v2\/tags?post=4860"}],"curies":[{"name":"wp","href":"https:\/\/api.w.org\/{rel}","templated":true}]}}