{"id":4894,"date":"2021-01-26T10:45:53","date_gmt":"2021-01-26T10:45:53","guid":{"rendered":"https:\/\/www.improveinternational.com\/ambassador\/?p=4894"},"modified":"2021-01-26T10:47:08","modified_gmt":"2021-01-26T10:47:08","slug":"para-alem-da-infecao-o-impacto-da-pandemia-nos-animais-e-tutores","status":"publish","type":"post","link":"https:\/\/www.improveinternational.com\/ambassador\/2021\/01\/26\/para-alem-da-infecao-o-impacto-da-pandemia-nos-animais-e-tutores\/","title":{"rendered":"Para al\u00e9m da infe\u00e7\u00e3o \u2013 o impacto da pandemia nos animais e tutores"},"content":{"rendered":"<h3>Para al\u00e9m da infe\u00e7\u00e3o \u2013 o impacto da pandemia nos animais e tutores<\/h3>\n<p style=\"text-align: center;\"><img loading=\"lazy\" decoding=\"async\" src=\"https:\/\/www.improveinternational.com\/ambassador\/wp-content\/uploads\/2021\/01\/AMB-PT-DEZ_LM-fb-c\u00f3pia.png\" width=\"350\" height=\"350\" border=\"0\" \/><\/p>\n<p>&nbsp;<\/p>\n<p>A pandemia do COVID-19 n\u00e3o gerou s\u00f3 uma onda de incerteza quanto \u00e0 possibilidade ou n\u00e3o do v\u00edrus contagiar animais e de ser transmiss\u00edvel por estes aos humanos, como poder\u00e1 estar na base de outros problemas de \u00e2mbito comportamental e financeiro.<br \/>\n&nbsp;<br \/>\nA solid\u00e3o \u00e9 um assunto s\u00e9rio e deve ser debatido nas circunst\u00e2ncias atuais. A verdade \u00e9 que a quantidade e qualidade de rela\u00e7\u00f5es socias podem ser tidas em conta por si s\u00f3 como fator de risco para a mortalidade.<br \/>\nOs resultados de um estudo realizado em Espanha sugerem que durante o surto atual, a rela\u00e7\u00e3o que as pessoas mant\u00eam com os seus animais est\u00e1 a ajudar a compensar a dr\u00e1stica redu\u00e7\u00e3o das intera\u00e7\u00f5es f\u00edsicas e sociais das pessoas com outros seres humanos, auxiliando a lidar com o stress e sendo uma fonte de conforto e normalidade durante a pandemia. Ou seja, concluiu-se que os donos obtiveram um apoio substancial por parte dos seus animais, apoio este que aumentou no caso de a qualidade de vida do dono ter sido mais afetada.<br \/>\n&nbsp;<br \/>\nA verdade \u00e9 que no estudo das semanas iniciais de confinamento em Espanha, os animais demonstraram estar a experienciar problemas comportamentais consistentes com stress, sendo que os c\u00e3es com problemas pr\u00e9-existentes foram os mais afetados. Houve ind\u00edcios de que o aumento das necessidades emocionais dos donos pode ter afetado negativamente os problemas comportamentais j\u00e1 existentes dos animais.<br \/>\n&nbsp;<br \/>\nAssim, \u00e9 pertinente que os profissionais relacionados com o bem-estar animal estejam preparados para mitigar os problemas que os donos e os animais est\u00e3o a enfrentar durante este per\u00edodo. Para al\u00e9m disso, alguns transtornos poder\u00e3o n\u00e3o se evidenciar at\u00e9 \u00e0 vida voltar ao normal, \u00e0s rotinas pr\u00e9-pandemia e ao trabalho fora de casa por v\u00e1rios dias. Por exemplo, os animais que n\u00e3o experienciavam antes ansiedade de separa\u00e7\u00e3o, agora encontram-se em risco de se tornarem destrutivos e problem\u00e1ticos, tal como o estudo americano j\u00e1 relata.<br \/>\n&nbsp;<br \/>\n\u00c9 tamb\u00e9m muito importante que se disponibilizem recursos e solu\u00e7\u00f5es acess\u00edveis e plaus\u00edveis para pessoas cujos empregos tenham sido perdidos, tenham instabilidade econ\u00f3mica e inseguran\u00e7a em termos de habita\u00e7\u00e3o, para que n\u00e3o tenham de abdicar da sua rela\u00e7\u00e3o com os animais nestas circunst\u00e2ncias.<\/p>\n<p>&nbsp;<\/p>\n<p style=\"marin-top: 30px;\"><a class=\"button_full\" href=\"https:\/\/www.improveinternational.com\/ambassador\/wp-content\/uploads\/2021\/01\/Para-al\u00e9m-da-infe\u00e7\u00e3o-Leonor-Melo.pdf\"><strong>VER MAIS<\/strong><\/a><\/p>\n<p><span data-mce-type=\"bookmark\" style=\"display: inline-block; width: 0px; overflow: hidden; line-height: 0;\" class=\"mce_SELRES_start\">\ufeff<\/span><\/p>\n","protected":false},"excerpt":{"rendered":"<p>Para al\u00e9m da infe\u00e7\u00e3o \u2013 o impacto da pandemia nos animais e tutores &nbsp; A pandemia do COVID-19 n\u00e3o gerou s\u00f3 uma onda de incerteza quanto \u00e0 possibilidade ou n\u00e3o do v\u00edrus contagiar animais e de ser transmiss\u00edvel por estes aos humanos, como poder\u00e1 estar na base de outros problemas de \u00e2mbito comportamental e financeiro. [&hellip;]<\/p>\n","protected":false},"author":4,"featured_media":0,"comment_status":"open","ping_status":"open","sticky":false,"template":"","format":"standard","meta":{"_monsterinsights_skip_tracking":false,"_monsterinsights_sitenote_active":false,"_monsterinsights_sitenote_note":"","_monsterinsights_sitenote_category":0,"footnotes":""},"categories":[1],"tags":[],"_links":{"self":[{"href":"https:\/\/www.improveinternational.com\/ambassador\/wp-json\/wp\/v2\/posts\/4894"}],"collection":[{"href":"https:\/\/www.improveinternational.com\/ambassador\/wp-json\/wp\/v2\/posts"}],"about":[{"href":"https:\/\/www.improveinternational.com\/ambassador\/wp-json\/wp\/v2\/types\/post"}],"author":[{"embeddable":true,"href":"https:\/\/www.improveinternational.com\/ambassador\/wp-json\/wp\/v2\/users\/4"}],"replies":[{"embeddable":true,"href":"https:\/\/www.improveinternational.com\/ambassador\/wp-json\/wp\/v2\/comments?post=4894"}],"version-history":[{"count":3,"href":"https:\/\/www.improveinternational.com\/ambassador\/wp-json\/wp\/v2\/posts\/4894\/revisions"}],"predecessor-version":[{"id":4900,"href":"https:\/\/www.improveinternational.com\/ambassador\/wp-json\/wp\/v2\/posts\/4894\/revisions\/4900"}],"wp:attachment":[{"href":"https:\/\/www.improveinternational.com\/ambassador\/wp-json\/wp\/v2\/media?parent=4894"}],"wp:term":[{"taxonomy":"category","embeddable":true,"href":"https:\/\/www.improveinternational.com\/ambassador\/wp-json\/wp\/v2\/categories?post=4894"},{"taxonomy":"post_tag","embeddable":true,"href":"https:\/\/www.improveinternational.com\/ambassador\/wp-json\/wp\/v2\/tags?post=4894"}],"curies":[{"name":"wp","href":"https:\/\/api.w.org\/{rel}","templated":true}]}}