{"id":4908,"date":"2021-01-28T17:26:47","date_gmt":"2021-01-28T17:26:47","guid":{"rendered":"https:\/\/www.improveinternational.com\/ambassador\/?p=4908"},"modified":"2021-01-28T17:26:47","modified_gmt":"2021-01-28T17:26:47","slug":"novo-metodo-permite-calcular-a-idade-do-teu-cao-em-anos-humanos","status":"publish","type":"post","link":"https:\/\/www.improveinternational.com\/ambassador\/2021\/01\/28\/novo-metodo-permite-calcular-a-idade-do-teu-cao-em-anos-humanos\/","title":{"rendered":"Novo m\u00e9todo permite calcular a idade do teu c\u00e3o em anos humanos"},"content":{"rendered":"<h3>Novo m\u00e9todo permite calcular a idade do teu c\u00e3o em anos humanos<\/h3>\n<p style=\"text-align: center;\"><img loading=\"lazy\" decoding=\"async\" src=\"https:\/\/www.improveinternational.com\/ambassador\/wp-content\/uploads\/2021\/01\/AMB-PT-FEV_fb-c\u00f3pia-3.png\" width=\"350\" height=\"350\" border=\"0\" \/><\/p>\n<p>&nbsp;<\/p>\n<p>Um estudo publicado a 2 de julho de 2020 na revista Cell System, garante que o m\u00e9todo anteriormente utilizado est\u00e1 incorreto e que afinal os c\u00e3es poder\u00e3o ser muito mais velhos do que se pensaria.<br \/>\n&nbsp;<br \/>\nV\u00e1rios investigadores desenvolveram uma f\u00f3rmula mais precisa para calcular a idade dos nossos animais de estima\u00e7\u00e3o, tendo em conta as in\u00fameras altera\u00e7\u00f5es qu\u00edmicas observadas no ADN destes animais \u00e0 medida que envelhecem.<br \/>\nOs investigadores da Universidade da Calif\u00f3rnia, com a ajuda de v\u00e1rios experts caninos, estudaram cerca de 104 Labrador Retrievers. Os animais selecionados tinham idades compreendidas entre poucas semanas de vida e 16 anos de idade e foi comparado o padr\u00e3o das altera\u00e7\u00f5es verificadas no ADN destes animais com o ADN de humanos.<br \/>\n&nbsp;<br \/>\nEsta compara\u00e7\u00e3o revelou que a f\u00f3rmula mais precisa de modo a transpor a idade canina para a idade humana seria: idade humana= 16 ln (idade canina) +31. Sendo assim, e de acordo com esta nova f\u00f3rmula, um cachorro de 8 semanas de idade corresponde a um beb\u00e9 de 9 meses de idade, ambos enquadrados no per\u00edodo de in\u00edcio do desenvolvimento da primeira denti\u00e7\u00e3o.<br \/>\n&nbsp;<br \/>\nPara al\u00e9m disso, a esperan\u00e7a m\u00e9dia de vida da ra\u00e7a Labrador Retriever \u00e9 de 12 anos de idade, tal corresponde \u00e0 esperan\u00e7a m\u00e9dia de vida mundial em humanos, cerca de 70 anos.<br \/>\n&nbsp;<br \/>\nSendo assim, na pr\u00f3xima corrida em que levarmos o nosso c\u00e3o de 6 anos de idade iremos ser mais brandos, j\u00e1 que de acordo com este novo estudo um c\u00e3o de 6 anos de idade tem cerca de 60 anos de idade em anos humanos.<\/p>\n<p>&nbsp;<\/p>\n<p style=\"marin-top: 30px;\"><a class=\"button_full\" href=\"https:\/\/www.sciencedaily.com\/releases\/2020\/07\/200702113649.htm\"><strong>VER MAIS<\/strong><\/a><\/p>\n<p><span data-mce-type=\"bookmark\" style=\"display: inline-block; width: 0px; overflow: hidden; line-height: 0;\" class=\"mce_SELRES_start\">\ufeff<\/span><\/p>\n","protected":false},"excerpt":{"rendered":"<p>Novo m\u00e9todo permite calcular a idade do teu c\u00e3o em anos humanos &nbsp; Um estudo publicado a 2 de julho de 2020 na revista Cell System, garante que o m\u00e9todo anteriormente utilizado est\u00e1 incorreto e que afinal os c\u00e3es poder\u00e3o ser muito mais velhos do que se pensaria. &nbsp; V\u00e1rios investigadores desenvolveram uma f\u00f3rmula mais [&hellip;]<\/p>\n","protected":false},"author":4,"featured_media":0,"comment_status":"open","ping_status":"open","sticky":false,"template":"","format":"standard","meta":{"_monsterinsights_skip_tracking":false,"_monsterinsights_sitenote_active":false,"_monsterinsights_sitenote_note":"","_monsterinsights_sitenote_category":0,"footnotes":""},"categories":[1],"tags":[],"_links":{"self":[{"href":"https:\/\/www.improveinternational.com\/ambassador\/wp-json\/wp\/v2\/posts\/4908"}],"collection":[{"href":"https:\/\/www.improveinternational.com\/ambassador\/wp-json\/wp\/v2\/posts"}],"about":[{"href":"https:\/\/www.improveinternational.com\/ambassador\/wp-json\/wp\/v2\/types\/post"}],"author":[{"embeddable":true,"href":"https:\/\/www.improveinternational.com\/ambassador\/wp-json\/wp\/v2\/users\/4"}],"replies":[{"embeddable":true,"href":"https:\/\/www.improveinternational.com\/ambassador\/wp-json\/wp\/v2\/comments?post=4908"}],"version-history":[{"count":1,"href":"https:\/\/www.improveinternational.com\/ambassador\/wp-json\/wp\/v2\/posts\/4908\/revisions"}],"predecessor-version":[{"id":4909,"href":"https:\/\/www.improveinternational.com\/ambassador\/wp-json\/wp\/v2\/posts\/4908\/revisions\/4909"}],"wp:attachment":[{"href":"https:\/\/www.improveinternational.com\/ambassador\/wp-json\/wp\/v2\/media?parent=4908"}],"wp:term":[{"taxonomy":"category","embeddable":true,"href":"https:\/\/www.improveinternational.com\/ambassador\/wp-json\/wp\/v2\/categories?post=4908"},{"taxonomy":"post_tag","embeddable":true,"href":"https:\/\/www.improveinternational.com\/ambassador\/wp-json\/wp\/v2\/tags?post=4908"}],"curies":[{"name":"wp","href":"https:\/\/api.w.org\/{rel}","templated":true}]}}