{"id":5243,"date":"2021-08-17T16:47:05","date_gmt":"2021-08-17T15:47:05","guid":{"rendered":"https:\/\/www.improveinternational.com\/ambassador\/?p=5243"},"modified":"2021-08-17T16:47:05","modified_gmt":"2021-08-17T15:47:05","slug":"classificacao-da-epilepsia","status":"publish","type":"post","link":"https:\/\/www.improveinternational.com\/ambassador\/2021\/08\/17\/classificacao-da-epilepsia\/","title":{"rendered":"Classifica\u00e7\u00e3o da Epilepsia"},"content":{"rendered":"<h3>Classifica\u00e7\u00e3o da Epilepsia<\/h3>\n<p style=\"text-align: center;\"><img loading=\"lazy\" decoding=\"async\" src=\"https:\/\/www.improveinternational.com\/ambassador\/wp-content\/uploads\/2021\/08\/MP1.png\" width=\"350\" height=\"350\" border=\"0\" \/><\/p>\n<p>&nbsp;<\/p>\n<p>A epilepsia \u00e9 definida pela exist\u00eancia de atividade convulsiva recorrente ao longo do tempo, afetando menos de 1% dos animais.<br \/>\n&nbsp;<br \/>\nTem variad\u00edssimas causas, tais como causas apenas gen\u00e9ticas ou que se desenvolvem por influ\u00eancias gen\u00e9ticas e epigen\u00e9ticas complexas. Les\u00f5es cerebrais como trauma, infe\u00e7\u00e3o, inflama\u00e7\u00e3o ou neoplasias podem tamb\u00e9m levar a epilepsia.<br \/>\n&nbsp;<br \/>\nQuanto \u00e0 etiologia, a epilepsia pode ser definida como idiop\u00e1tica ou estrutural.<br \/>\n&nbsp;<br \/>\nA epilepsia idiop\u00e1tica ainda pode ser definida como gen\u00e9tica, suspeita gen\u00e9tica e sem causa definida.  Na gen\u00e9tica, foi identificado um gene espec\u00edfico que causa esta doen\u00e7a. Na suspeita gen\u00e9tica h\u00e1 uma influ\u00eancia gen\u00e9tica devido a uma maior preval\u00eancia na ra\u00e7a ou nos familiares. A epilepsia sem causa definida ocorre quando todas as outras causas foram descartadas.<br \/>\n&nbsp;<br \/>\nA epilepsia estrutural \u00e9 caracterizada por convuls\u00f5es provocadas por uma patologia cerebral vascular, inflamat\u00f3ria, infeciosa, traum\u00e1tica, neopl\u00e1sica ou degenerativa.<br \/>\n&nbsp;<br \/>\nQuanto ao tipo de convuls\u00e3o, a epilepsia pode ser definida como focal ou generalizada.<br \/>\n&nbsp;<br \/>\nA focal \u00e9 caracterizada por sinais regionais, originados por uma atividade el\u00e9trica anormal num grupo localizado de neur\u00f3nios. Refletem o envolvimento de uma regi\u00e3o do hemisf\u00e9rio cerebral e n\u00e3o afetam a consci\u00eancia. A epilepsia focal subdivide-se em motora (contra\u00e7\u00f5es r\u00edtmicas de uma parte do corpo), auton\u00f3mica (hipersi\u00e1lia, v\u00f3mito ou diarreia) ou comportamental (ansiedade ou rea\u00e7\u00f5es de medo exageradas).<br \/>\n&nbsp;<br \/>\nA generalizada reflete o envolvimento de ambos os hemisf\u00e9rios cerebrais. A epilepsia generalizada pode tamb\u00e9m ser uma evolu\u00e7\u00e3o da epilepsia focal. Subdivide-se em convuls\u00f5es t\u00f3nico-cl\u00f3nicas, t\u00f3nicas (rigidez muscular generalizada), cl\u00f3nicas (movimentos pedalat\u00f3rios e contra\u00e7\u00f5es bruscas espor\u00e1dicas), at\u00f3nicas (perda s\u00fabita e breve do t\u00f3nus muscular) ou miocl\u00f3nicas (contra\u00e7\u00f5es musculares breves).<br \/>\n&nbsp;<br \/>\nExistem 4 fases distintas associadas a uma convuls\u00e3o: pr\u00f3dromo, aura, ictus e fase p\u00f3s-ictal.<br \/>\n&nbsp;<br \/>\nO pr\u00f3dromo \u00e9 o per\u00edodo de tempo (horas ou dias) antes do come\u00e7o da convuls\u00e3o propriamente dita, em que h\u00e1 altera\u00e7\u00f5es no comportamento do animal, tais como inquieta\u00e7\u00e3o ou ansiedade.<br \/>\n&nbsp;<br \/>\nA aura \u00e9 o per\u00edodo de tempo imediatamente antes da convuls\u00e3o, quando os animais podem apresentar uma atividade sensorial como medo, agressividade, saliva\u00e7\u00e3o etc.<br \/>\n&nbsp;<br \/>\nO ictus \u00e9 a convuls\u00e3o propriamente dita, pode ser generalizada, focal ou focal que evolui para generalizada.<br \/>\n&nbsp;<br \/>\nA fase p\u00f3s-ictal pode durar segundos ou horas. O animal apresenta-se com um comportamento anormal, ataxia, sonol\u00eancia, cegueira e d\u00e9fices neurol\u00f3gicos sensoriais e motores. <\/p>\n","protected":false},"excerpt":{"rendered":"<p>Classifica\u00e7\u00e3o da Epilepsia &nbsp; A epilepsia \u00e9 definida pela exist\u00eancia de atividade convulsiva recorrente ao longo do tempo, afetando menos de 1% dos animais. &nbsp; Tem variad\u00edssimas causas, tais como causas apenas gen\u00e9ticas ou que se desenvolvem por influ\u00eancias gen\u00e9ticas e epigen\u00e9ticas complexas. Les\u00f5es cerebrais como trauma, infe\u00e7\u00e3o, inflama\u00e7\u00e3o ou neoplasias podem tamb\u00e9m levar a [&hellip;]<\/p>\n","protected":false},"author":4,"featured_media":0,"comment_status":"open","ping_status":"open","sticky":false,"template":"","format":"standard","meta":{"_monsterinsights_skip_tracking":false,"_monsterinsights_sitenote_active":false,"_monsterinsights_sitenote_note":"","_monsterinsights_sitenote_category":0,"footnotes":""},"categories":[1],"tags":[],"_links":{"self":[{"href":"https:\/\/www.improveinternational.com\/ambassador\/wp-json\/wp\/v2\/posts\/5243"}],"collection":[{"href":"https:\/\/www.improveinternational.com\/ambassador\/wp-json\/wp\/v2\/posts"}],"about":[{"href":"https:\/\/www.improveinternational.com\/ambassador\/wp-json\/wp\/v2\/types\/post"}],"author":[{"embeddable":true,"href":"https:\/\/www.improveinternational.com\/ambassador\/wp-json\/wp\/v2\/users\/4"}],"replies":[{"embeddable":true,"href":"https:\/\/www.improveinternational.com\/ambassador\/wp-json\/wp\/v2\/comments?post=5243"}],"version-history":[{"count":1,"href":"https:\/\/www.improveinternational.com\/ambassador\/wp-json\/wp\/v2\/posts\/5243\/revisions"}],"predecessor-version":[{"id":5245,"href":"https:\/\/www.improveinternational.com\/ambassador\/wp-json\/wp\/v2\/posts\/5243\/revisions\/5245"}],"wp:attachment":[{"href":"https:\/\/www.improveinternational.com\/ambassador\/wp-json\/wp\/v2\/media?parent=5243"}],"wp:term":[{"taxonomy":"category","embeddable":true,"href":"https:\/\/www.improveinternational.com\/ambassador\/wp-json\/wp\/v2\/categories?post=5243"},{"taxonomy":"post_tag","embeddable":true,"href":"https:\/\/www.improveinternational.com\/ambassador\/wp-json\/wp\/v2\/tags?post=5243"}],"curies":[{"name":"wp","href":"https:\/\/api.w.org\/{rel}","templated":true}]}}