{"id":5279,"date":"2021-09-16T19:16:55","date_gmt":"2021-09-16T18:16:55","guid":{"rendered":"https:\/\/www.improveinternational.com\/ambassador\/?p=5279"},"modified":"2021-09-16T19:30:32","modified_gmt":"2021-09-16T18:30:32","slug":"sindrome-vestibular-periferica-em-caes","status":"publish","type":"post","link":"https:\/\/www.improveinternational.com\/ambassador\/2021\/09\/16\/sindrome-vestibular-periferica-em-caes\/","title":{"rendered":"S\u00edndrome vestibular perif\u00e9rica em c\u00e3es"},"content":{"rendered":"<h3>S\u00edndrome vestibular perif\u00e9rica em c\u00e3es<\/h3>\n<p style=\"text-align: center;\"><img loading=\"lazy\" decoding=\"async\" src=\"https:\/\/www.improveinternational.com\/ambassador\/wp-content\/uploads\/2021\/09\/MM_fb-c\u00f3pia-8.png\" width=\"350\" height=\"350\" border=\"0\" \/><\/p>\n<p>&nbsp;<\/p>\n<p>A s\u00edndrome vestibular perif\u00e9rica caracteriza-se por uma disfun\u00e7\u00e3o neurol\u00f3gica que afeta o ouvido interno. <\/p>\n<p><strong>SINAIS CL\u00cdNICOS<\/strong><\/p>\n<p>As manifesta\u00e7\u00f5es de disfun\u00e7\u00e3o vestibular apresentam-se em anormalidades na posi\u00e7\u00e3o e movimento dos olhos, na posi\u00e7\u00e3o da cabe\u00e7a e corpo, t\u00f3nus muscular e movimentos motores volunt\u00e1rios e s\u00e3o comuns ao sistema perif\u00e9rico e central. Estes podem encontrar-se isolados ou em conjuntos. O prop\u00f3sito da an\u00e1lise neurol\u00f3gica \u00e9 procurar outros sinais indicativos de les\u00e3o a afetar a massa cerebral, comprovando que se trata de um problema central, como rea\u00e7\u00f5es posturais d\u00e9beis ou defici\u00eancias ao n\u00edvel de outros nervos craniais. Assim sendo, animais sem estes sinais, apresentam uma les\u00e3o perif\u00e9rica (Lorenz &#038; Coates, 2011).<\/p>\n<p>\u2022 Head tilt: Caracteriza-se por uma perda do plano horizontal da cabe\u00e7a do animal em rela\u00e7\u00e3o ao seu plano sagital. Este sinal \u00e9 bastante caracter\u00edstico de uma doen\u00e7a vestibular, no entanto, em otites externas que provoquem muita dor, pode ser um mecanismo de defesa (Freeman &#038; Ives, 2020). Na maioria dos casos, encontra-se para o lado afetado, assim como quando h\u00e1 perda de equil\u00edbrio, ataxia (Lorenz &#038; Coates, 2011).<br \/>\n\u2022 Ataxia vestibular: envolve uma tend\u00eancia do animal em cair ou inclinar-se para o lado afetado, uma vez que perde o normal funcionamento do t\u00f3nus musculo extensor, j\u00e1 que este n\u00e3o \u00e9 mais inibido (Lorenz &#038; Coates, 2011). Tamb\u00e9m se pode observar um movimento circular para esse lado. Numa situa\u00e7\u00e3o bilateral, como mecanismo de defesa, tendem a encolher-se e deitar-se (Freeman &#038; Ives, 2020).<br \/>\n\u2022 Nistagmos: Movimento involunt\u00e1rio horizontal, rotacional ou vertical dos olhos. Estes movimentos caracterizam-se por fases lentas e r\u00e1pidas. Quando horizontal ou rotacional, a fase lenta est\u00e1 voltada para o lado afetado (Freeman &#038; Ives, 2020). Com altera\u00e7\u00f5es na posi\u00e7\u00e3o da cabe\u00e7a, este pode ser induzido por numerosos processos como colocar o animal sobre as costas, tapar-lhe os olhos ou tocar no nariz numa posi\u00e7\u00e3o vertical. Ao contr\u00e1rio do que acontece na les\u00e3o vestibular central, a dire\u00e7\u00e3o do nistagmo n\u00e3o se deve alterar (Lorenz &#038; Coates, 2011).<br \/>\n\u2022 Estrabismo: Posi\u00e7\u00e3o anormal de um olho. Pode ser fixo, quando est\u00e1 permanentemente alterado ou posicional, quando \u00e9 relacionado com a posi\u00e7\u00e3o da cabe\u00e7a. Numa situa\u00e7\u00e3o de doen\u00e7a vestibular, n\u00e3o apresenta um estrabismo fixo (Freeman &#038; Ives, 2020). Quando a cabe\u00e7a \u00e9 levantada, um estrabismo ventral ipsilateral \u00e0 les\u00e3o \u00e9 vis\u00edvel. Uma vez retornada a cabe\u00e7a \u00e0 posi\u00e7\u00e3o normal, o estrabismo desaparece. \u00c9 um sinal que n\u00e3o nos permite garantir que o problema \u00e9 perif\u00e9rico, j\u00e1 que surge em s\u00edndromes centrais (Lorenz &#038; Coates, 2011).<\/p>\n<p><strong>ABORDAGEM NEUROL\u00d3GICA<\/strong><\/p>\n<p>\u2022 Atividade mental: Em casos de s\u00edndrome vestibular perif\u00e9rica, a atividade mental do animal deve-se encontrar normal. Com exce\u00e7\u00e3o das situa\u00e7\u00f5es em que o animal se sente desorientado e\/ou com n\u00e1useas, demonstrando-se aparentemente deprimido (Freeman &#038; Ives, 2020).<br \/>\n\u2022 Locomo\u00e7\u00e3o e postura: \u201cHead tilt\u201d para o lado afetado e ataxia vestibular s\u00e3o sintomas que podem ser encontrados em casos de s\u00edndrome vestibular (Freeman &#038; Ives, 2020). Em alguns casos, vendar o animal pode acentuar a inclina\u00e7\u00e3o. Em casos de s\u00edndrome vestibular unilateral, as les\u00f5es causam uma perda do t\u00f4nus extensor ipsilateral e os animais caem para o lado da les\u00e3o. Al\u00e9m disso, andar em c\u00edrculos \u00e9 geralmente um sinal de disfun\u00e7\u00e3o vestibular (Lorenz &#038; Coates, 2011)<br \/>\n\u2022 Rea\u00e7\u00f5es posturais: Devem-se manter normais (Freeman &#038; Ives, 2020).<br \/>\n\u2022 Nervos craniais: Nistagmo e\/ou estrabismo posicional podem ser expectados em fases mais precoces da s\u00edndrome vestibular perif\u00e9rica. Al\u00e9m disso, torna-se importante relembrar que o nervo cranial VII (nervo facial) e os nervos simp\u00e1ticos do olho passam adjacentes \u00e0 bolha timp\u00e2nica e que esta n\u00e3o se encontra separada do osso da cavidade do ouvido m\u00e9dio. Assim, \u00e9 comum a paralisia devida ao nervo facial e\/ou a s\u00edndrome de Horner em casos de otite m\u00e9dia\/interna (Freeman &#038; Ives, 2020).<br \/>\n\u2022 Reflexos espinhais: Devem-se manter normais (Freeman &#038; Ives, 2020).<br \/>\n\u2022 Palpa\u00e7\u00e3o \u00e0 dor: \u00c9 normal, com exce\u00e7\u00e3o de casos de otite m\u00e9dia\/interna ou em animais com inflama\u00e7\u00e3o cerebral uma vez que nestes casos, h\u00e1 uma maior sensibilidade \u00e0 dor (Freeman &#038; Ives, 2020).<\/p>\n<p><strong>DIAGN\u00d3STICOS DIFERENCIAIS<\/strong><\/p>\n<p>\u2022 Trauma: Dano na bolha timp\u00e2nica (Freeman &#038; Ives, 2020).<br \/>\n\u2022 T\u00f3xicos: Mais de 180 subst\u00e2ncias qu\u00edmicas e farmacol\u00f3gicas foram identificadas como otot\u00f3xicas, apresentando toxicidade vari\u00e1vel podendo afetar o sistema vestibular, auditivo ou ambos. O tratamento t\u00f3pico de otites bem como a administra\u00e7\u00e3o de aminoglicos\u00eddeos pode conduzir \u00e0 s\u00edndrome vestibular perif\u00e9rica (Freeman &#038; Ives, 2020).<br \/>\n\u2022 Anomalias: S\u00edndrome vestibular cong\u00e9nita \u2013 foi descrita em algumas ra\u00e7as nomeadamente pastor alem\u00e3o e dobermann pinscher (Freeman &#038; Ives, 2020).<br \/>\n\u2022 Metab\u00f3lico: Hipotiroidismo \u2013 as evid\u00eancias que demonstram que o hipotiroidismo pode causar doen\u00e7a vestibular perif\u00e9rica s\u00e3o poucas, contudo alguns casos de sinais de s\u00edndrome vestibular foram encontrados como resposta \u00e0 suplementa\u00e7\u00e3o tiroidea em c\u00e3es diagnosticados com hipotiroidismo (Freeman &#038; Ives, 2020).<br \/>\n\u2022 S\u00edndrome vestibular idiop\u00e1tica (Freeman &#038; Ives, 2020).<br \/>\n\u2022 Neopl\u00e1sico: Podem afetar os componentes perif\u00e9ricos devido \u00e0 destrui\u00e7\u00e3o e\/ou compress\u00e3o das estruturas vestibulares perif\u00e9ricas e, tamb\u00e9m, pela resposta inflamat\u00f3ria que pode ser desencadeada. Entre as neoplasias mais comuns destacam-se: linfoma, adenocarcinoma da gl\u00e2ndula ceruminosa e carcinoma das c\u00e9lulas pavimentosas (Freeman &#038; Ives, 2020).<\/p>\n<p><strong>BIBLIOGRAFIA<\/strong><\/p>\n<li>D.Lorenz, M., &#038; R.Coates, J. (2011). Handbook of VETERINARY NEUROLOGY.<\/li>\n<li>Freeman, P. M., &#038; Ives, E. (2020). A Pratical Approach to Neurology for the Small Animal Practitioner.<\/li>\n","protected":false},"excerpt":{"rendered":"<p>S\u00edndrome vestibular perif\u00e9rica em c\u00e3es &nbsp; A s\u00edndrome vestibular perif\u00e9rica caracteriza-se por uma disfun\u00e7\u00e3o neurol\u00f3gica que afeta o ouvido interno. SINAIS CL\u00cdNICOS As manifesta\u00e7\u00f5es de disfun\u00e7\u00e3o vestibular apresentam-se em anormalidades na posi\u00e7\u00e3o e movimento dos olhos, na posi\u00e7\u00e3o da cabe\u00e7a e corpo, t\u00f3nus muscular e movimentos motores volunt\u00e1rios e s\u00e3o comuns ao sistema perif\u00e9rico e [&hellip;]<\/p>\n","protected":false},"author":4,"featured_media":0,"comment_status":"open","ping_status":"open","sticky":false,"template":"","format":"standard","meta":{"_monsterinsights_skip_tracking":false,"_monsterinsights_sitenote_active":false,"_monsterinsights_sitenote_note":"","_monsterinsights_sitenote_category":0,"footnotes":""},"categories":[1],"tags":[],"_links":{"self":[{"href":"https:\/\/www.improveinternational.com\/ambassador\/wp-json\/wp\/v2\/posts\/5279"}],"collection":[{"href":"https:\/\/www.improveinternational.com\/ambassador\/wp-json\/wp\/v2\/posts"}],"about":[{"href":"https:\/\/www.improveinternational.com\/ambassador\/wp-json\/wp\/v2\/types\/post"}],"author":[{"embeddable":true,"href":"https:\/\/www.improveinternational.com\/ambassador\/wp-json\/wp\/v2\/users\/4"}],"replies":[{"embeddable":true,"href":"https:\/\/www.improveinternational.com\/ambassador\/wp-json\/wp\/v2\/comments?post=5279"}],"version-history":[{"count":3,"href":"https:\/\/www.improveinternational.com\/ambassador\/wp-json\/wp\/v2\/posts\/5279\/revisions"}],"predecessor-version":[{"id":5283,"href":"https:\/\/www.improveinternational.com\/ambassador\/wp-json\/wp\/v2\/posts\/5279\/revisions\/5283"}],"wp:attachment":[{"href":"https:\/\/www.improveinternational.com\/ambassador\/wp-json\/wp\/v2\/media?parent=5279"}],"wp:term":[{"taxonomy":"category","embeddable":true,"href":"https:\/\/www.improveinternational.com\/ambassador\/wp-json\/wp\/v2\/categories?post=5279"},{"taxonomy":"post_tag","embeddable":true,"href":"https:\/\/www.improveinternational.com\/ambassador\/wp-json\/wp\/v2\/tags?post=5279"}],"curies":[{"name":"wp","href":"https:\/\/api.w.org\/{rel}","templated":true}]}}