{"id":5284,"date":"2021-09-16T19:35:05","date_gmt":"2021-09-16T18:35:05","guid":{"rendered":"https:\/\/www.improveinternational.com\/ambassador\/?p=5284"},"modified":"2021-09-16T19:35:05","modified_gmt":"2021-09-16T18:35:05","slug":"vamos-falar-de-dor-osteoartrite","status":"publish","type":"post","link":"https:\/\/www.improveinternational.com\/ambassador\/2021\/09\/16\/vamos-falar-de-dor-osteoartrite\/","title":{"rendered":"Vamos Falar de Dor \u2013 Osteoartrite"},"content":{"rendered":"<h3>Vamos Falar de Dor \u2013 Osteoartrite<\/h3>\n<p style=\"text-align: center;\"><img loading=\"lazy\" decoding=\"async\" src=\"https:\/\/www.improveinternational.com\/ambassador\/wp-content\/uploads\/2021\/09\/SA_fb-c\u00f3pia-10.png\" width=\"350\" height=\"350\" border=\"0\" \/><\/p>\n<p>&nbsp;<\/p>\n<p>A osteoartrite \u00e9 uma doen\u00e7a progressiva e degenerativa comum na esp\u00e9cie canina, que causa degrada\u00e7\u00e3o da cartilagem articular, afetando tamb\u00e9m todas as outras estruturas constituintes da articula\u00e7\u00e3o, traduzindo-se em dor, inflama\u00e7\u00e3o e limita\u00e7\u00e3o de fun\u00e7\u00e3o. \u00c9 uma doen\u00e7a multifatorial.<br \/>\n&nbsp;<br \/>\nA dor cr\u00f3nica tem impacto nos nossos animais de estima\u00e7\u00e3o de uma forma vis\u00edvel como a altera\u00e7\u00e3o da marcha e movimento, altera\u00e7\u00e3o no sono, cogni\u00e7\u00e3o, nas rela\u00e7\u00f5es sociais e no sistema somatossensorial.<br \/>\n&nbsp;<br \/>\n&nbsp;<br \/>\n<strong>Como podemos reduzir o subdiagn\u00f3stico de uma doen\u00e7a que \u00e9 t\u00e3o recorrente nos nossos c\u00e3es?<\/strong><br \/>\n&nbsp;<br \/>\n Realizando rastreios regulares no veterin\u00e1rio e desmistificar que n\u00e3o \u00e9 apenas uma doen\u00e7a de c\u00e3es mais idosos, visto que se sabe a incid\u00eancia em animais jovens. Assim como tamb\u00e9m ocorre em c\u00e3es de ra\u00e7as pequenas e n\u00e3o s\u00f3 em grandes.<br \/>\n&nbsp;<br \/>\nCabe aos m\u00e9dicos veterin\u00e1rios educar os donos, que tendencialmente acham que s\u00e3o apenas sinais de velhice do animal, em fazer Check Ups anuais ou de 6 em 6 meses ao seu animal.<br \/>\n&nbsp;<br \/>\nO tratamento a implementar deve ser multimodal e estruturado de forma individualizada para cada caso, devendo ser implementado o mais cedo poss\u00edvel de forma a melhorar a sua efic\u00e1cia e a obter melhores resultados.<br \/>\n&nbsp;<br \/>\nNa abordagem multimodal a\u0300 OA e\u0301 essencial o controlo da dor e inflama\u00e7\u00e3o, a utiliza\u00e7\u00e3o de AINEs e\u0301 sem d\u00favida uma ferramenta de grande utilidade e estes t\u00eam sido alvo de evolu\u00e7\u00e3o na tentativa de minimizar os seus efeitos secund\u00e1rios, no entanto, denota-se uma procura crescente de alternativas terap\u00eauticas.<br \/>\n&nbsp;<br \/>\nTal como para os humanos, a procura e utiliza\u00e7\u00e3o de suplementos tem aumentado, com o intuito de diminuir o uso de medicamentos e evitar assim os seus poss\u00edveis efeitos adversos, nomeadamente atrav\u00e9s da utiliza\u00e7\u00e3o de programas personalizados de dieta e exerc\u00edcio f\u00edsico e ate\u0301 mesmo reabilita\u00e7\u00e3o f\u00edsica.<\/p>\n","protected":false},"excerpt":{"rendered":"<p>Vamos Falar de Dor \u2013 Osteoartrite &nbsp; A osteoartrite \u00e9 uma doen\u00e7a progressiva e degenerativa comum na esp\u00e9cie canina, que causa degrada\u00e7\u00e3o da cartilagem articular, afetando tamb\u00e9m todas as outras estruturas constituintes da articula\u00e7\u00e3o, traduzindo-se em dor, inflama\u00e7\u00e3o e limita\u00e7\u00e3o de fun\u00e7\u00e3o. \u00c9 uma doen\u00e7a multifatorial. &nbsp; A dor cr\u00f3nica tem impacto nos nossos animais [&hellip;]<\/p>\n","protected":false},"author":4,"featured_media":0,"comment_status":"open","ping_status":"open","sticky":false,"template":"","format":"standard","meta":{"_monsterinsights_skip_tracking":false,"_monsterinsights_sitenote_active":false,"_monsterinsights_sitenote_note":"","_monsterinsights_sitenote_category":0,"footnotes":""},"categories":[1],"tags":[],"_links":{"self":[{"href":"https:\/\/www.improveinternational.com\/ambassador\/wp-json\/wp\/v2\/posts\/5284"}],"collection":[{"href":"https:\/\/www.improveinternational.com\/ambassador\/wp-json\/wp\/v2\/posts"}],"about":[{"href":"https:\/\/www.improveinternational.com\/ambassador\/wp-json\/wp\/v2\/types\/post"}],"author":[{"embeddable":true,"href":"https:\/\/www.improveinternational.com\/ambassador\/wp-json\/wp\/v2\/users\/4"}],"replies":[{"embeddable":true,"href":"https:\/\/www.improveinternational.com\/ambassador\/wp-json\/wp\/v2\/comments?post=5284"}],"version-history":[{"count":1,"href":"https:\/\/www.improveinternational.com\/ambassador\/wp-json\/wp\/v2\/posts\/5284\/revisions"}],"predecessor-version":[{"id":5286,"href":"https:\/\/www.improveinternational.com\/ambassador\/wp-json\/wp\/v2\/posts\/5284\/revisions\/5286"}],"wp:attachment":[{"href":"https:\/\/www.improveinternational.com\/ambassador\/wp-json\/wp\/v2\/media?parent=5284"}],"wp:term":[{"taxonomy":"category","embeddable":true,"href":"https:\/\/www.improveinternational.com\/ambassador\/wp-json\/wp\/v2\/categories?post=5284"},{"taxonomy":"post_tag","embeddable":true,"href":"https:\/\/www.improveinternational.com\/ambassador\/wp-json\/wp\/v2\/tags?post=5284"}],"curies":[{"name":"wp","href":"https:\/\/api.w.org\/{rel}","templated":true}]}}