{"id":5405,"date":"2021-12-29T12:54:24","date_gmt":"2021-12-29T12:54:24","guid":{"rendered":"https:\/\/www.improveinternational.com\/ambassador\/?p=5405"},"modified":"2021-12-29T12:54:24","modified_gmt":"2021-12-29T12:54:24","slug":"alopecia-em-caes","status":"publish","type":"post","link":"https:\/\/www.improveinternational.com\/ambassador\/2021\/12\/29\/alopecia-em-caes\/","title":{"rendered":"Alopecia em c\u00e3es"},"content":{"rendered":"<h3>Alopecia em c\u00e3es<\/h3>\n<p style=\"text-align: center;\"><img loading=\"lazy\" decoding=\"async\" src=\"https:\/\/www.improveinternational.com\/ambassador\/wp-content\/uploads\/2021\/12\/ARP_fb-c\u00f3pia-19.png\" width=\"350\" height=\"350\" border=\"0\" \/><\/p>\n<p>&nbsp;<\/p>\n<p>Alopecia \u00e9 a aus\u00eancia de pelos em \u00e1reas onde o pelo deveria estar presente. A alopecia tem v\u00e1rias causas, sendo comumente encontrada em diversas dermatopatias. O termo \u201calopecia X\u201d ou aprisionamento do fol\u00edculo piloso \u00e9 utilizado para definir um conjunto de manifesta\u00e7\u00f5es cut\u00e2neas em c\u00e3es, como alopecia n\u00e3o inflamat\u00f3ria, bilateral, sim\u00e9trica, normalmente sem prurido associado. <\/p>\n<p>Aspetos epidemiol\u00f3gicos da doen\u00e7a \u201cA alopecia X\u201d normalmente \u00e9 observada em animais adultos, jovens, em m\u00e9dia entre 1 e 2 anos, na sua maioria macho e n\u00e3o castrado. Por\u00e9m, pode ocorrer em ambos os sexos, independentemente do animal ser castrado ou n\u00e3o. Algumas ra\u00e7as n\u00f3rdicas de c\u00e3es que apresentam um manto piloso denso e duplo como Malamute do Alasca, Chow Chow, Husky Siberiano, Spitz Alem\u00e3o e Samoieda s\u00e3o mais comumente acometidas, por\u00e9m a doen\u00e7a pode ser diagnosticada em c\u00e3es de qualquer ra\u00e7a.<\/p>\n<p>Existem v\u00e1rios fatores que controlam o crescimento do pelo, podendo ser resumidos como fatores intr\u00ednsecos e extr\u00ednsecos. Os primeiros s\u00e3o os fatores produzidos por c\u00e9lulas epiteliais e mesenquimais no fol\u00edculo piloso e ao seu redor. Os fatores extr\u00ednsecos s\u00e3o aqueles produzidos por outros \u00f3rg\u00e3os al\u00e9m da pele, como as hormonas da tiroide, a temperatura, fric\u00e7\u00e3o e terapia medicamentosa.<\/p>\n<p>A causa e a patog\u00eanese da alopecia X, ainda hoje \u00e9 desconhecida. Acredita-se que haja uma predisposi\u00e7\u00e3o gen\u00e9tica que resulta em falha na produ\u00e7\u00e3o hormonal ou numa a\u00e7\u00e3o hormonal deficiente sobre o fol\u00edculo piloso. Algumas manifesta\u00e7\u00f5es corroboram a hip\u00f3tese de que a a\u00e7\u00e3o deficiente da produ\u00e7\u00e3o de horm\u00f4nios sexuais pode ser respons\u00e1vel pela alopecia X, tais como o crescimento do pelo em c\u00e3es ap\u00f3s a castra\u00e7\u00e3o ou tratamento com princ\u00edpios ativos que afetam a produ\u00e7\u00e3o de horm\u00f4nios sexuais e, que diminuem os n\u00edveis de horm\u00f4nios.<\/p>\n<p>A maior predisposi\u00e7\u00e3o que as ra\u00e7as n\u00f3rdicas apresentam para a doen\u00e7a, a manifesta\u00e7\u00e3o cl\u00ednica relativamente precoce e a an\u00e1lise geneal\u00f3gica dos c\u00e3es afetados sugerem que a doen\u00e7a tenha car\u00e1ter heredit\u00e1rio, por\u00e9m o modo de transmiss\u00e3o heredit\u00e1ria ainda n\u00e3o foi elucidado, j\u00e1 que se observou poucas altera\u00e7\u00f5es significativas nos genes dos animais.<\/p>\n<p><strong>SINAIS CL\u00cdNICOS <\/strong><\/p>\n<p>A doen\u00e7a caracteriza-se pela interrup\u00e7\u00e3o do ciclo piloso nos animais acometidos. Normalmente observa-se alopecia progressiva, marcadamente bilateral e sim\u00e9trica, n\u00e3o inflamat\u00f3ria e com hiperpigmenta\u00e7\u00e3o da pele. <\/p>\n<p>Ap\u00f3s um tempo, a alopecia progride e o pelo dessas regi\u00f5es cai completamente, surgindo amplas \u00e1reas alop\u00e9cicas. Em alguns pacientes, tamb\u00e9m se observa queda dos pelos prim\u00e1rios do tronco e da cabe\u00e7a e, extremidades distais dos membros s\u00e3o preservadas, sendo essa uma condi\u00e7\u00e3o quase que patognom\u00f4nica da doen\u00e7a. Outro aspeto importante a ser observado \u00e9 que esses animais s\u00e3o absolutamente saud\u00e1veis, sem qualquer altera\u00e7\u00e3o sist\u00eamica, por\u00e9m como o padr\u00e3o de les\u00e3o da doen\u00e7a \u00e9 similar ao apresentado em animais portadores de doen\u00e7as end\u00f3crinas, deve-se sempre investigar e excluir as endocrinopatias que causam altera\u00e7\u00f5es dermatol\u00f3gicas como hipotireoidismo, hiperadrenocorticismo e dist\u00farbios gonadais, sendo de exclus\u00e3o, o diagn\u00f3stico da alopecia X. <\/p>\n<p><strong>CONCLUS\u00c3O <\/strong><\/p>\n<p>A alopecia em c\u00e3es \u00e9 um sinal cl\u00ednico observado com muita frequ\u00eancia na rotina de atendimento cl\u00ednico dos dermatologistas veterin\u00e1rios, podendo possuir in\u00fameras causas. A alopecia X \u00e9 uma dermatopatia que acomete os c\u00e3es sendo mais comumente observada em ra\u00e7as n\u00f3rdicas, n\u00e3o inflamat\u00f3ria, n\u00e3o pruriginosa e de etiopatogenia desconhecida sobre a qual ainda n\u00e3o existe estudos suficientes realizados. O m\u00e9dico veterin\u00e1rio deve estar ciente da ocorr\u00eancia dessa doen\u00e7a, dos seus sinais cl\u00ednicos e tratamentos descritos na literatura atualmente, para que oriente os tutores desses animais de forma correta.<\/p>\n<p><strong>BIBLIOGRAFIA<\/strong><\/p>\n<p>ALOPECIA X em c\u00e3es: revis\u00e3o. Pubvet, [S. l.], p. 1-8, 20 mar. 2021<\/p>\n","protected":false},"excerpt":{"rendered":"<p>Alopecia em c\u00e3es &nbsp; Alopecia \u00e9 a aus\u00eancia de pelos em \u00e1reas onde o pelo deveria estar presente. A alopecia tem v\u00e1rias causas, sendo comumente encontrada em diversas dermatopatias. O termo \u201calopecia X\u201d ou aprisionamento do fol\u00edculo piloso \u00e9 utilizado para definir um conjunto de manifesta\u00e7\u00f5es cut\u00e2neas em c\u00e3es, como alopecia n\u00e3o inflamat\u00f3ria, bilateral, sim\u00e9trica, [&hellip;]<\/p>\n","protected":false},"author":4,"featured_media":0,"comment_status":"open","ping_status":"open","sticky":false,"template":"","format":"standard","meta":{"_monsterinsights_skip_tracking":false,"_monsterinsights_sitenote_active":false,"_monsterinsights_sitenote_note":"","_monsterinsights_sitenote_category":0,"footnotes":""},"categories":[1],"tags":[],"_links":{"self":[{"href":"https:\/\/www.improveinternational.com\/ambassador\/wp-json\/wp\/v2\/posts\/5405"}],"collection":[{"href":"https:\/\/www.improveinternational.com\/ambassador\/wp-json\/wp\/v2\/posts"}],"about":[{"href":"https:\/\/www.improveinternational.com\/ambassador\/wp-json\/wp\/v2\/types\/post"}],"author":[{"embeddable":true,"href":"https:\/\/www.improveinternational.com\/ambassador\/wp-json\/wp\/v2\/users\/4"}],"replies":[{"embeddable":true,"href":"https:\/\/www.improveinternational.com\/ambassador\/wp-json\/wp\/v2\/comments?post=5405"}],"version-history":[{"count":1,"href":"https:\/\/www.improveinternational.com\/ambassador\/wp-json\/wp\/v2\/posts\/5405\/revisions"}],"predecessor-version":[{"id":5407,"href":"https:\/\/www.improveinternational.com\/ambassador\/wp-json\/wp\/v2\/posts\/5405\/revisions\/5407"}],"wp:attachment":[{"href":"https:\/\/www.improveinternational.com\/ambassador\/wp-json\/wp\/v2\/media?parent=5405"}],"wp:term":[{"taxonomy":"category","embeddable":true,"href":"https:\/\/www.improveinternational.com\/ambassador\/wp-json\/wp\/v2\/categories?post=5405"},{"taxonomy":"post_tag","embeddable":true,"href":"https:\/\/www.improveinternational.com\/ambassador\/wp-json\/wp\/v2\/tags?post=5405"}],"curies":[{"name":"wp","href":"https:\/\/api.w.org\/{rel}","templated":true}]}}