{"id":5426,"date":"2022-01-03T15:44:40","date_gmt":"2022-01-03T15:44:40","guid":{"rendered":"https:\/\/www.improveinternational.com\/ambassador\/?p=5426"},"modified":"2022-01-03T15:45:23","modified_gmt":"2022-01-03T15:45:23","slug":"perda-auditiva-em-ratos-toupeira-nus-e-uma-vantagem","status":"publish","type":"post","link":"https:\/\/www.improveinternational.com\/ambassador\/2022\/01\/03\/perda-auditiva-em-ratos-toupeira-nus-e-uma-vantagem\/","title":{"rendered":"Perda auditiva em ratos-toupeira nus \u00e9 uma vantagem"},"content":{"rendered":"<h3>Perda auditiva em ratos-toupeira nus \u00e9 uma vantagem<\/h3>\n<p style=\"text-align: center;\"><img loading=\"lazy\" decoding=\"async\" src=\"https:\/\/www.improveinternational.com\/ambassador\/wp-content\/uploads\/2022\/01\/PT_fb-co\u2560\u00fcpia-13.png\" width=\"350\" height=\"350\" border=\"0\" \/><\/p>\n<p>&nbsp;<\/p>\n<p>Os ratos-toupeira nus s\u00e3o mam\u00edferos sem pelos que vivem em col\u00f3nias subterr\u00e2neas. Esta esp\u00e9cie comunica constantemente \u00e0 base de guinchos. <\/p>\n<p>Os ratos-toupeira t\u00eam cerca de 6 muta\u00e7\u00f5es gen\u00e9ticas associadas \u00e0 audi\u00e7\u00e3o e, aparentemente, \u00e9 uma caracter\u00edstica adaptativa ben\u00e9fica. Investigadores descobriram tamb\u00e9m que s\u00e3o a \u00fanica esp\u00e9cie conhecida que n\u00e3o possui amplifica\u00e7\u00e3o coclear, essencial para a amplifica\u00e7\u00e3o sonora no ouvido interno por c\u00e9lulas ciliadas, pelo que os sons ficam amortecidos. <\/p>\n<p>Caso estas muta\u00e7\u00f5es n\u00e3o existissem, o ru\u00eddo constante poderia destruir as c\u00e9lulas ciliadas sem capacidade regenerativa, resultando em surdez.<\/p>\n<p>Assim sendo, estas muta\u00e7\u00f5es gen\u00e9ticas associadas \u00e0 perda de audi\u00e7\u00e3o, tornam-se vantajosas no sentido em que estes animais conseguem suportar a comunica\u00e7\u00e3o constante entre eles, sem ficarem totalmente surdos.<\/p>\n<p><a class=\"button_full\" href=\"https:\/\/www.sciencedaily.com\/releases\/2020\/09\/200903145006.htm\"><strong>VER MAIS<\/strong><\/a><\/p>\n","protected":false},"excerpt":{"rendered":"<p>Perda auditiva em ratos-toupeira nus \u00e9 uma vantagem &nbsp; Os ratos-toupeira nus s\u00e3o mam\u00edferos sem pelos que vivem em col\u00f3nias subterr\u00e2neas. Esta esp\u00e9cie comunica constantemente \u00e0 base de guinchos. Os ratos-toupeira t\u00eam cerca de 6 muta\u00e7\u00f5es gen\u00e9ticas associadas \u00e0 audi\u00e7\u00e3o e, aparentemente, \u00e9 uma caracter\u00edstica adaptativa ben\u00e9fica. Investigadores descobriram tamb\u00e9m que s\u00e3o a \u00fanica esp\u00e9cie [&hellip;]<\/p>\n","protected":false},"author":4,"featured_media":0,"comment_status":"open","ping_status":"open","sticky":false,"template":"","format":"standard","meta":{"_monsterinsights_skip_tracking":false,"_monsterinsights_sitenote_active":false,"_monsterinsights_sitenote_note":"","_monsterinsights_sitenote_category":0,"footnotes":""},"categories":[1],"tags":[],"_links":{"self":[{"href":"https:\/\/www.improveinternational.com\/ambassador\/wp-json\/wp\/v2\/posts\/5426"}],"collection":[{"href":"https:\/\/www.improveinternational.com\/ambassador\/wp-json\/wp\/v2\/posts"}],"about":[{"href":"https:\/\/www.improveinternational.com\/ambassador\/wp-json\/wp\/v2\/types\/post"}],"author":[{"embeddable":true,"href":"https:\/\/www.improveinternational.com\/ambassador\/wp-json\/wp\/v2\/users\/4"}],"replies":[{"embeddable":true,"href":"https:\/\/www.improveinternational.com\/ambassador\/wp-json\/wp\/v2\/comments?post=5426"}],"version-history":[{"count":1,"href":"https:\/\/www.improveinternational.com\/ambassador\/wp-json\/wp\/v2\/posts\/5426\/revisions"}],"predecessor-version":[{"id":5428,"href":"https:\/\/www.improveinternational.com\/ambassador\/wp-json\/wp\/v2\/posts\/5426\/revisions\/5428"}],"wp:attachment":[{"href":"https:\/\/www.improveinternational.com\/ambassador\/wp-json\/wp\/v2\/media?parent=5426"}],"wp:term":[{"taxonomy":"category","embeddable":true,"href":"https:\/\/www.improveinternational.com\/ambassador\/wp-json\/wp\/v2\/categories?post=5426"},{"taxonomy":"post_tag","embeddable":true,"href":"https:\/\/www.improveinternational.com\/ambassador\/wp-json\/wp\/v2\/tags?post=5426"}],"curies":[{"name":"wp","href":"https:\/\/api.w.org\/{rel}","templated":true}]}}