{"id":5473,"date":"2022-01-28T10:24:46","date_gmt":"2022-01-28T10:24:46","guid":{"rendered":"https:\/\/www.improveinternational.com\/ambassador\/?p=5473"},"modified":"2022-01-28T10:24:46","modified_gmt":"2022-01-28T10:24:46","slug":"cerebro-canino-vs-cerebro-humano","status":"publish","type":"post","link":"https:\/\/www.improveinternational.com\/ambassador\/2022\/01\/28\/cerebro-canino-vs-cerebro-humano\/","title":{"rendered":"C\u00e9rebro canino vs. c\u00e9rebro humano"},"content":{"rendered":"<h3>C\u00e9rebro canino vs. c\u00e9rebro humano<\/h3>\n<p style=\"text-align: center;\"><img loading=\"lazy\" decoding=\"async\" src=\"https:\/\/www.improveinternational.com\/ambassador\/wp-content\/uploads\/2022\/01\/MP_fb-c\u00f3pia-13.png\" width=\"350\" height=\"350\" border=\"0\" \/><\/p>\n<p>&nbsp;<\/p>\n<p>O c\u00e9rebro canino n\u00e3o processa a informa\u00e7\u00e3o de reconhecimento facial da mesma forma que o Homem. O que se sabe sobre o sistema visual dos primatas n\u00e3o se pode estender para a esp\u00e9cie canina, em que a informa\u00e7\u00e3o \u00e9 organizada de forma diferente.<\/p>\n<p>Fez-se um estudo comparativo n\u00e3o invasivo, usando imagens de resson\u00e2ncia magn\u00e9tica funcional em c\u00e3es e humanos, relativo \u00e0 sensibilidade a diferentes esp\u00e9cies e rostos. <\/p>\n<p>Os c\u00e3es n\u00e3o apresentaram uma regi\u00e3o cerebral com prefer\u00eancia facial e o c\u00f3rtex visualmente responsivo apresentou uma prefer\u00eancia coespec\u00edfica maior que em rostos.<\/p>\n<p>Em humanos, regi\u00f5es com prefer\u00eancia coespec\u00edfica tamb\u00e9m apresentaram prefer\u00eancia facial. O c\u00f3rtex visualmente responsivo demonstrou uma maior prefer\u00eancia facial que coespec\u00edfica. <\/p>\n<p>Foram feitas an\u00e1lises de padr\u00f5es multivariados (AFMVs) que detetaram regi\u00f5es cerebrais sens\u00edveis \u00e0 esp\u00e9cie, tanto em humanos como no c\u00e3o. No entanto, regi\u00f5es sens\u00edveis \u00e0 face apenas foram identificadas no Homem. <\/p>\n<p>An\u00e1lises de semelhan\u00e7a entre esp\u00e9cies (RSAs) revelaram uma resposta mais forte aquando do conhecimento coespecifico comparando com o heteroespec\u00edfico, tanto nos humanos como nos c\u00e3es.<\/p>\n<p>Com o estudo realizado \u00e9 poss\u00edvel concluir que existem diferen\u00e7as na organiza\u00e7\u00e3o do processamento visual nestas duas esp\u00e9cies de mam\u00edferos distantes filogeneticamente.<\/p>\n<p><a class=\"button_full\" href=\"https:\/\/www.jneurosci.org\/content\/40\/43\/8396\"><strong>VER MAIS<\/strong><\/a><\/p>\n","protected":false},"excerpt":{"rendered":"<p>C\u00e9rebro canino vs. c\u00e9rebro humano &nbsp; O c\u00e9rebro canino n\u00e3o processa a informa\u00e7\u00e3o de reconhecimento facial da mesma forma que o Homem. O que se sabe sobre o sistema visual dos primatas n\u00e3o se pode estender para a esp\u00e9cie canina, em que a informa\u00e7\u00e3o \u00e9 organizada de forma diferente. Fez-se um estudo comparativo n\u00e3o invasivo, [&hellip;]<\/p>\n","protected":false},"author":4,"featured_media":0,"comment_status":"open","ping_status":"open","sticky":false,"template":"","format":"standard","meta":{"_monsterinsights_skip_tracking":false,"_monsterinsights_sitenote_active":false,"_monsterinsights_sitenote_note":"","_monsterinsights_sitenote_category":0,"footnotes":""},"categories":[1],"tags":[],"_links":{"self":[{"href":"https:\/\/www.improveinternational.com\/ambassador\/wp-json\/wp\/v2\/posts\/5473"}],"collection":[{"href":"https:\/\/www.improveinternational.com\/ambassador\/wp-json\/wp\/v2\/posts"}],"about":[{"href":"https:\/\/www.improveinternational.com\/ambassador\/wp-json\/wp\/v2\/types\/post"}],"author":[{"embeddable":true,"href":"https:\/\/www.improveinternational.com\/ambassador\/wp-json\/wp\/v2\/users\/4"}],"replies":[{"embeddable":true,"href":"https:\/\/www.improveinternational.com\/ambassador\/wp-json\/wp\/v2\/comments?post=5473"}],"version-history":[{"count":1,"href":"https:\/\/www.improveinternational.com\/ambassador\/wp-json\/wp\/v2\/posts\/5473\/revisions"}],"predecessor-version":[{"id":5475,"href":"https:\/\/www.improveinternational.com\/ambassador\/wp-json\/wp\/v2\/posts\/5473\/revisions\/5475"}],"wp:attachment":[{"href":"https:\/\/www.improveinternational.com\/ambassador\/wp-json\/wp\/v2\/media?parent=5473"}],"wp:term":[{"taxonomy":"category","embeddable":true,"href":"https:\/\/www.improveinternational.com\/ambassador\/wp-json\/wp\/v2\/categories?post=5473"},{"taxonomy":"post_tag","embeddable":true,"href":"https:\/\/www.improveinternational.com\/ambassador\/wp-json\/wp\/v2\/tags?post=5473"}],"curies":[{"name":"wp","href":"https:\/\/api.w.org\/{rel}","templated":true}]}}