{"id":5978,"date":"2023-01-04T10:07:15","date_gmt":"2023-01-04T10:07:15","guid":{"rendered":"https:\/\/www.improveinternational.com\/ambassador\/?p=5978"},"modified":"2023-01-04T10:07:15","modified_gmt":"2023-01-04T10:07:15","slug":"principais-neoplasias-induzidas-pelos-carcinogenos-do-tabaco","status":"publish","type":"post","link":"https:\/\/www.improveinternational.com\/ambassador\/2023\/01\/04\/principais-neoplasias-induzidas-pelos-carcinogenos-do-tabaco\/","title":{"rendered":"Principais Neoplasias Induzidas pelos Carcinog\u00e9nicos do Tabaco em C\u00e3es e Gatos"},"content":{"rendered":"<h3>Principais Neoplasias Induzidas pelos Carcin\u00f3genos do Tabaco em C\u00e3es e Gatos<\/h3>\n<p><img loading=\"lazy\" decoding=\"async\" src=\"https:\/\/www.improveinternational.com\/ambassador\/wp-content\/uploads\/2023\/01\/AMB_PT_Articles_Rute-Maia_Dec2022-300x300.png\" alt=\"\" width=\"300\" height=\"300\" class=\"alignnone size-medium wp-image-5979\" srcset=\"https:\/\/www.improveinternational.com\/ambassador\/wp-content\/uploads\/2023\/01\/AMB_PT_Articles_Rute-Maia_Dec2022-300x300.png 300w, https:\/\/www.improveinternational.com\/ambassador\/wp-content\/uploads\/2023\/01\/AMB_PT_Articles_Rute-Maia_Dec2022-150x150.png 150w, https:\/\/www.improveinternational.com\/ambassador\/wp-content\/uploads\/2023\/01\/AMB_PT_Articles_Rute-Maia_Dec2022-768x768.png 768w, https:\/\/www.improveinternational.com\/ambassador\/wp-content\/uploads\/2023\/01\/AMB_PT_Articles_Rute-Maia_Dec2022-1024x1024.png 1024w, https:\/\/www.improveinternational.com\/ambassador\/wp-content\/uploads\/2023\/01\/AMB_PT_Articles_Rute-Maia_Dec2022-830x830.png 830w, https:\/\/www.improveinternational.com\/ambassador\/wp-content\/uploads\/2023\/01\/AMB_PT_Articles_Rute-Maia_Dec2022-230x230.png 230w, https:\/\/www.improveinternational.com\/ambassador\/wp-content\/uploads\/2023\/01\/AMB_PT_Articles_Rute-Maia_Dec2022-350x350.png 350w, https:\/\/www.improveinternational.com\/ambassador\/wp-content\/uploads\/2023\/01\/AMB_PT_Articles_Rute-Maia_Dec2022-480x480.png 480w, https:\/\/www.improveinternational.com\/ambassador\/wp-content\/uploads\/2023\/01\/AMB_PT_Articles_Rute-Maia_Dec2022-24x24.png 24w, https:\/\/www.improveinternational.com\/ambassador\/wp-content\/uploads\/2023\/01\/AMB_PT_Articles_Rute-Maia_Dec2022-36x36.png 36w, https:\/\/www.improveinternational.com\/ambassador\/wp-content\/uploads\/2023\/01\/AMB_PT_Articles_Rute-Maia_Dec2022-48x48.png 48w\" sizes=\"(max-width: 300px) 100vw, 300px\" \/><\/p>\n<p style=\"text-align: center;\">\n<p>Um dos principais causadores do cancro no mundo \u00e9 o tabaco. Este \u00e9 retirado de uma planta denominada Nicotiana tabacum, da qual as folhas s\u00e3o utilizadas no fabrico de produtos que t\u00eam como princ\u00edpio ativo a nicotina, entre eles o mais comum \u00e9 o cigarro que cont\u00e9m mais de 60 carcin\u00f3genos.<\/p>\n<p>No organismo dos animais o principal sistema afetado pelo tabagismo passivo \u00e9 o respirat\u00f3rio. Nos pulm\u00f5es podem surgir neoplasias prim\u00e1rias, neoplasias secund\u00e1rias ou met\u00e1stases e neoplasias multissist\u00e9micas.<\/p>\n<p>Os sintomas mais frequentes s\u00e3o tosse seca cr\u00f3nica, dispneia e a intoler\u00e2ncia ao exerc\u00edcio. O diagn\u00f3stico definitivo da neoplasia pulmonar \u00e9 realizado somente por citologia ou exame anatomopatol\u00f3gico. <\/p>\n<p>Os casos diagnosticados t\u00eam aumentado e est\u00e1 relacionado com o aumento da exposi\u00e7\u00e3o dos animais \u00e0 polui\u00e7\u00e3o e ao fumo passivo do tabaco, pelo que existe um risco aumentado de cancro do pulm\u00e3o, seios paranasais e cavidade nasal. As neoplasias pulmonares prim\u00e1rias podem acometer um ou v\u00e1rios lobos pulmonares e podem estar presente somente num pulm\u00e3o ou em ambos.<\/p>\n<p>Os c\u00e3es expostos ao fumo do tabaco podem desenvolver rinite e, tamb\u00e9m, hiperplasias epiteliais das c\u00e9lulas basais e metaplasia escamosa nos cornetos. Os carcinomas nasais tamb\u00e9m podem ser induzidos nos c\u00e3es pela inala\u00e7\u00e3o do fumo, pois a mucosa nasal \u00e9 sens\u00edvel a diversas classes de carcin\u00f3genos inalados. Nestes casos, os c\u00e3es com mais predisposi\u00e7\u00e3o s\u00e3o os dolicocef\u00e1licos, dada a anatomia e fisiologia do trato respirat\u00f3rio. Em contrapartida, os c\u00e3es braquicef\u00e1licos t\u00eam maior predisposi\u00e7\u00e3o a cancro do pulm\u00e3o.<\/p>\n<p>De forma a avaliar o grau de exposi\u00e7\u00e3o ao fumo do tabaco, os animais realizam um exame de dosagem da enzima cotinina, a partir da urina, para comprovar ou descartar a exposi\u00e7\u00e3o \u00e0 nicotina e ao alcatr\u00e3o. De seguida, os animais s\u00e3o anestesiados e sujeitos a uma bi\u00f3psia br\u00f4nquica e lavado broncoalveolar. Animais que sejam expostos ao fumo do tabaco, apresentam varia\u00e7\u00f5es de natureza inflamat\u00f3ria, como aumento de linf\u00f3citos e macr\u00f3fagos, al\u00e9m da presen\u00e7a de antracose. <\/p>\n<p>Existe cerca de 60% maior probabilidade de c\u00e3es desenvolverem cancro do pulm\u00e3o, uma vez que convivem com fumadores, enquanto que os gatos t\u00eam uma probabilidade tr\u00eas vezes maior de desenvolverem linfoma, devido aos seus h\u00e1bitos de limpeza, uma vez que os gatos realizam grooming constantemente, e, dessa forma, ingerem subst\u00e2ncias t\u00f3xicas que se acumularam na sua pele, expondo as mucosas da boca aos carcin\u00f3genos.<\/p>\n<p><strong>Bibliografia<\/strong><br \/>\nCabral, V. X., Bastianello H. C. &#038; Leite, L. G. (2020). Principais neoplasias induzidas pelos carcin\u00f3genos do tabaco em pequenos animais: revis\u00e3o de literatura. Congrega, 16, 1-6.;<br \/>\nMoralles, \u00c9. N. (2014). Estudo dos efeitos mutag\u00eanicos do tabagismo passivo em c\u00e3es (Disserta\u00e7\u00e3o de Mestrado n\u00e3o editado, Programa de Fisiopatologia Experimental). Universidade de S\u00e3o Paulo, Faculdade de Medicina, S\u00e3o Paulo.<\/p>\n","protected":false},"excerpt":{"rendered":"<p>Principais Neoplasias Induzidas pelos Carcin\u00f3genos do Tabaco em C\u00e3es e Gatos Um dos principais causadores do cancro no mundo \u00e9 o tabaco. Este \u00e9 retirado de uma planta denominada Nicotiana tabacum, da qual as folhas s\u00e3o utilizadas no fabrico de produtos que t\u00eam como princ\u00edpio ativo a nicotina, entre eles o mais comum \u00e9 o [&hellip;]<\/p>\n","protected":false},"author":14,"featured_media":0,"comment_status":"open","ping_status":"open","sticky":false,"template":"","format":"standard","meta":{"_monsterinsights_skip_tracking":false,"_monsterinsights_sitenote_active":false,"_monsterinsights_sitenote_note":"","_monsterinsights_sitenote_category":0,"footnotes":""},"categories":[1],"tags":[],"_links":{"self":[{"href":"https:\/\/www.improveinternational.com\/ambassador\/wp-json\/wp\/v2\/posts\/5978"}],"collection":[{"href":"https:\/\/www.improveinternational.com\/ambassador\/wp-json\/wp\/v2\/posts"}],"about":[{"href":"https:\/\/www.improveinternational.com\/ambassador\/wp-json\/wp\/v2\/types\/post"}],"author":[{"embeddable":true,"href":"https:\/\/www.improveinternational.com\/ambassador\/wp-json\/wp\/v2\/users\/14"}],"replies":[{"embeddable":true,"href":"https:\/\/www.improveinternational.com\/ambassador\/wp-json\/wp\/v2\/comments?post=5978"}],"version-history":[{"count":2,"href":"https:\/\/www.improveinternational.com\/ambassador\/wp-json\/wp\/v2\/posts\/5978\/revisions"}],"predecessor-version":[{"id":5981,"href":"https:\/\/www.improveinternational.com\/ambassador\/wp-json\/wp\/v2\/posts\/5978\/revisions\/5981"}],"wp:attachment":[{"href":"https:\/\/www.improveinternational.com\/ambassador\/wp-json\/wp\/v2\/media?parent=5978"}],"wp:term":[{"taxonomy":"category","embeddable":true,"href":"https:\/\/www.improveinternational.com\/ambassador\/wp-json\/wp\/v2\/categories?post=5978"},{"taxonomy":"post_tag","embeddable":true,"href":"https:\/\/www.improveinternational.com\/ambassador\/wp-json\/wp\/v2\/tags?post=5978"}],"curies":[{"name":"wp","href":"https:\/\/api.w.org\/{rel}","templated":true}]}}