{"id":6056,"date":"2023-02-10T18:37:47","date_gmt":"2023-02-10T18:37:47","guid":{"rendered":"https:\/\/www.improveinternational.com\/ambassador\/?p=6056"},"modified":"2023-02-10T18:37:47","modified_gmt":"2023-02-10T18:37:47","slug":"colica-equina","status":"publish","type":"post","link":"https:\/\/www.improveinternational.com\/ambassador\/2023\/02\/10\/colica-equina\/","title":{"rendered":"C\u00f3lica Equina"},"content":{"rendered":"<h3>C\u00f3lica Equina<\/h3>\n<p><img loading=\"lazy\" decoding=\"async\" src=\"https:\/\/www.improveinternational.com\/ambassador\/wp-content\/uploads\/2023\/02\/AMB_PT_Articles_In\u00eas-Carvalho_Fev2023-300x300.png\" alt=\"\" width=\"300\" height=\"300\" class=\"alignnone size-medium wp-image-6057\" srcset=\"https:\/\/www.improveinternational.com\/ambassador\/wp-content\/uploads\/2023\/02\/AMB_PT_Articles_In\u00eas-Carvalho_Fev2023-300x300.png 300w, https:\/\/www.improveinternational.com\/ambassador\/wp-content\/uploads\/2023\/02\/AMB_PT_Articles_In\u00eas-Carvalho_Fev2023-150x150.png 150w, https:\/\/www.improveinternational.com\/ambassador\/wp-content\/uploads\/2023\/02\/AMB_PT_Articles_In\u00eas-Carvalho_Fev2023-768x768.png 768w, https:\/\/www.improveinternational.com\/ambassador\/wp-content\/uploads\/2023\/02\/AMB_PT_Articles_In\u00eas-Carvalho_Fev2023-1024x1024.png 1024w, https:\/\/www.improveinternational.com\/ambassador\/wp-content\/uploads\/2023\/02\/AMB_PT_Articles_In\u00eas-Carvalho_Fev2023-830x830.png 830w, https:\/\/www.improveinternational.com\/ambassador\/wp-content\/uploads\/2023\/02\/AMB_PT_Articles_In\u00eas-Carvalho_Fev2023-230x230.png 230w, https:\/\/www.improveinternational.com\/ambassador\/wp-content\/uploads\/2023\/02\/AMB_PT_Articles_In\u00eas-Carvalho_Fev2023-350x350.png 350w, https:\/\/www.improveinternational.com\/ambassador\/wp-content\/uploads\/2023\/02\/AMB_PT_Articles_In\u00eas-Carvalho_Fev2023-480x480.png 480w, https:\/\/www.improveinternational.com\/ambassador\/wp-content\/uploads\/2023\/02\/AMB_PT_Articles_In\u00eas-Carvalho_Fev2023-24x24.png 24w, https:\/\/www.improveinternational.com\/ambassador\/wp-content\/uploads\/2023\/02\/AMB_PT_Articles_In\u00eas-Carvalho_Fev2023-36x36.png 36w, https:\/\/www.improveinternational.com\/ambassador\/wp-content\/uploads\/2023\/02\/AMB_PT_Articles_In\u00eas-Carvalho_Fev2023-48x48.png 48w\" sizes=\"(max-width: 300px) 100vw, 300px\" \/><\/p>\n<p style=\"text-align: center;\">\n<p><strong>O que \u00e9 c\u00f3lica equina?<\/strong><br \/>\nA c\u00f3lica equina \u00e9 descrita como uma dor de origem abdominal, causada na sua maioria, por dist\u00farbios digestivos. \u00c9 considerada uma doen\u00e7a grave, uma vez que, caso n\u00e3o seja tratada rapidamente, causa altera\u00e7\u00f5es negativas a n\u00edvel do desempenho animal ou at\u00e9 mesmo a sua morte.<br \/>\nO cavalo \u00e9 um animal suscet\u00edvel a sofrer dist\u00farbios ambientais ou alimentares, sendo que situa\u00e7\u00f5es como escassez de \u00e1gua, stress e m\u00e1 qualidade alimentar podem desencadear esta dor, que pode ser moderada ou intensa.<\/p>\n<p><strong>Anatomia do sistema digestivo<\/strong><br \/>\n\u00c9 importante perceber a anatomia e fisiologia dos \u00f3rg\u00e3os pertencentes ao sistema digestivo, como o est\u00f4mago e o intestino, de forma, a compreender o porqu\u00ea da ocorr\u00eancia de c\u00f3lica.<br \/>\nO est\u00f4mago dos equinos \u00e9 utilizado para armazenar, misturar e digerir o alimento. Neste \u00f3rg\u00e3o ocorrem processos enzim\u00e1ticos, bem como hidr\u00f3lise dos alimentos, pela a\u00e7\u00e3o do suco g\u00e1strico.<br \/>\nNestes animais, o est\u00f4mago tem uma capacidade que varia de 8 a 20 litros, representando menos de 10% de todo o trato digestivo. Sendo deste modo, um \u00f3rg\u00e3o pequeno \u00e9 essencial que a forma como os cavalos sejam alimentados seja adequada.<br \/>\nA c\u00f3lica originada no est\u00f4mago representa, apenas, cerca de 10% dos casos cl\u00ednicos encontrados. Assim, \u00e9 comum serem decorrentes de altera\u00e7\u00f5es na fermenta\u00e7\u00e3o microbiana ou resultado da perda de motilidade.<br \/>\nO intestino dos equinos \u00e9 bastante longo, ao contr\u00e1rio do est\u00f4mago, sendo neste \u00f3rg\u00e3o que ocorre a absor\u00e7\u00e3o dos nutrientes ingeridos. Deste modo, \u00e9 importante real\u00e7ar alguns fatores que afetam diretamente a digestibilidade dos nutrientes em equinos, como, a mastiga\u00e7\u00e3o, a presen\u00e7a de parasitas e a velocidade do tr\u00e2nsito intestinal.<\/p>\n<p><strong>Tipos de c\u00f3lica<\/strong><br \/>\nA doen\u00e7a afeta o sistema digestivo (principalmente est\u00f4mago, intestino, ba\u00e7o), sendo que existem diversos fatores que podem levar \u00e0 c\u00f3lica em equinos. Deste modo, existem diversos tipos de c\u00f3lica, como por exemplo:<br \/>\n\u2022 C\u00f3lica de impacto: ocorre quando existe uma obstru\u00e7\u00e3o, geralmente no intestino grosso, causada por uma sobrecarga de alimento rica em fibra, que o cavalo n\u00e3o consegue digerir;<br \/>\n\u2022 Colite: inflama\u00e7\u00e3o do intestino grosso;<br \/>\n\u2022 C\u00f3lica causada por parasitas: quando existe alguma obstru\u00e7\u00e3o causada por um grande n\u00famero de parasitas;<br \/>\n\u2022 Deslocamento ou tor\u00e7\u00e3o g\u00e1strica: quando ocorre um deslocamento do intestino para uma posi\u00e7\u00e3o anormal do abd\u00f3men, podendo muitas vezes, ocorrer a sua tor\u00e7\u00e3o;<br \/>\n\u2022 C\u00f3lica por gases: normalmente ocorre no intestino grosso, devido \u00e0 distens\u00e3o do intestino, que leva \u00e0 dor abdominal;<br \/>\n\u2022 C\u00f3lica por espasmos ou espasm\u00f3dica: ocorre quando existe o aumento do n\u00famero de contra\u00e7\u00f5es intestinais. <\/p>\n<p><strong>Sinais cl\u00ednicos<\/strong><br \/>\nA dor abdominal causada pela c\u00f3lica \u00e9 o principal sinal cl\u00ednico desta doen\u00e7a o que leva o animal a apresentar outros sintomas, como:<br \/>\n\u2022 Inquieta\u00e7\u00e3o<br \/>\n\u2022 Sudorese<br \/>\n\u2022 Altera\u00e7\u00f5es na postura<br \/>\n\u2022 Deitar e rolar<br \/>\n\u2022 Aumento na frequ\u00eancia card\u00edaca e da respira\u00e7\u00e3o<\/p>\n<p>Desta forma, \u00e9 necess\u00e1rio que o dono, bem como o m\u00e9dico veterin\u00e1rio fiquem atentos ao comportamento do animal e, caso se apercebam de algum comportamento estranho, realizem os exames essenciais.<\/p>\n<p><strong>Diagn\u00f3stico <\/strong><br \/>\nDe forma, a realizar um diagn\u00f3stico correto, o m\u00e9dico veterin\u00e1rio deve avaliar diversos fatores como:<br \/>\n\u2022 grau de dor<br \/>\n\u2022 distens\u00e3o abdominal<br \/>\n\u2022 frequ\u00eancia card\u00edaca e respirat\u00f3ria<br \/>\n\u2022 colora\u00e7\u00e3o das mucosas<br \/>\n\u2022 tempo de reple\u00e7\u00e3o capilar<br \/>\n\u2022 temperatura retal<br \/>\n\u2022 motilidade gastrointestinal<br \/>\n\u2022 refluxo g\u00e1strico<br \/>\n\u2022 achados \u00e0 palpa\u00e7\u00e3o retal<br \/>\n\u2022 hemat\u00f3crito<br \/>\n\u2022 concentra\u00e7\u00e3o plasm\u00e1tica de prote\u00ednas totais<br \/>\n\u2022 concentra\u00e7\u00e3o plasm\u00e1tica de fibrinog\u00e9nio<br \/>\n\u2022 contagem de leuc\u00f3citos; quantifica\u00e7\u00e3o eletrol\u00edtica; an\u00e1lise de gases sangu\u00edneos; quantifica\u00e7\u00e3o das enzimas s\u00e9ricas<br \/>\n\u2022 concentra\u00e7\u00e3o de lactato plasm\u00e1tico<br \/>\n\u2022 caracter\u00edsticas do fluido peritoneal<br \/>\n\u2022 achados nos exames imagiol\u00f3gicos<br \/>\n\u2022 an\u00e1lise fecal <\/p>\n<p><strong>Ultrassonografia abdominal<\/strong><br \/>\nA ultrassonografia apresenta fun\u00e7\u00f5es importantes na avalia\u00e7\u00e3o da c\u00f3lica equina, permitindo observar a evolu\u00e7\u00e3o do quadro cl\u00ednico do animal, uma vez quem \u00e9 poss\u00edvel distinguir os diferentes tecidos da cavidade, observando as diferen\u00e7as na sua ecogenicidade. A frequ\u00eancia, a amplitude e a velocidade das contra\u00e7\u00f5es perist\u00e1lticas, que podem causar a c\u00f3lica, tamb\u00e9m podem ser avaliadas pelo modo B, modo M e doppler.<br \/>\nNo entanto, a ultrassonografia tem algumas limita\u00e7\u00f5es, tais como amplitude do abd\u00f3men equino, que impossibilita uma an\u00e1lise completa. A imagens ultrassonogr\u00e1ficas fornecem diversas informa\u00e7\u00f5es que n\u00e3o podem ser obtidas a partir de outros m\u00e9todos, como por exemplo:<br \/>\n \u2022 presen\u00e7a ou aus\u00eancia de motilidade<br \/>\n \u2022 avalia\u00e7\u00e3o das paredes intestinais quanto \u00e0 presen\u00e7a ou n\u00e3o de espessamento<br \/>\n \u2022 an\u00e1lise qualitativa e quantitativa do l\u00edquido peritoneal<\/p>\n<p><strong>Tratamentos indicados<\/strong><br \/>\nO tratamento ir\u00e1 depender do tipo e da origem da c\u00f3lica, no entanto, a maioria dos casos \u00e9 resolvido com o recurso a medica\u00e7\u00e3o ou cirurgia, em casos mais agudos. Deste modo, \u00e9 essencial que seja feito um diagn\u00f3stico correto, sendo que, tamb\u00e9m \u00e9 importante tentar prevenir este problema, promovendo uma alimenta\u00e7\u00e3o e maneio adequados.<\/p>\n<p><strong>Bibliografia<\/strong><br \/>\nMundo Veterin\u00e1rio &#8211; Blog shopveterinario<a href=\"https:\/\/www.shopveterinario.com.br\/blog\/colica-equina\/\">[Ver Mais]<\/a>;<\/p>\n","protected":false},"excerpt":{"rendered":"<p>C\u00f3lica Equina O que \u00e9 c\u00f3lica equina? A c\u00f3lica equina \u00e9 descrita como uma dor de origem abdominal, causada na sua maioria, por dist\u00farbios digestivos. \u00c9 considerada uma doen\u00e7a grave, uma vez que, caso n\u00e3o seja tratada rapidamente, causa altera\u00e7\u00f5es negativas a n\u00edvel do desempenho animal ou at\u00e9 mesmo a sua morte. O cavalo \u00e9 [&hellip;]<\/p>\n","protected":false},"author":14,"featured_media":0,"comment_status":"open","ping_status":"open","sticky":false,"template":"","format":"standard","meta":{"_monsterinsights_skip_tracking":false,"_monsterinsights_sitenote_active":false,"_monsterinsights_sitenote_note":"","_monsterinsights_sitenote_category":0,"footnotes":""},"categories":[1],"tags":[],"_links":{"self":[{"href":"https:\/\/www.improveinternational.com\/ambassador\/wp-json\/wp\/v2\/posts\/6056"}],"collection":[{"href":"https:\/\/www.improveinternational.com\/ambassador\/wp-json\/wp\/v2\/posts"}],"about":[{"href":"https:\/\/www.improveinternational.com\/ambassador\/wp-json\/wp\/v2\/types\/post"}],"author":[{"embeddable":true,"href":"https:\/\/www.improveinternational.com\/ambassador\/wp-json\/wp\/v2\/users\/14"}],"replies":[{"embeddable":true,"href":"https:\/\/www.improveinternational.com\/ambassador\/wp-json\/wp\/v2\/comments?post=6056"}],"version-history":[{"count":3,"href":"https:\/\/www.improveinternational.com\/ambassador\/wp-json\/wp\/v2\/posts\/6056\/revisions"}],"predecessor-version":[{"id":6060,"href":"https:\/\/www.improveinternational.com\/ambassador\/wp-json\/wp\/v2\/posts\/6056\/revisions\/6060"}],"wp:attachment":[{"href":"https:\/\/www.improveinternational.com\/ambassador\/wp-json\/wp\/v2\/media?parent=6056"}],"wp:term":[{"taxonomy":"category","embeddable":true,"href":"https:\/\/www.improveinternational.com\/ambassador\/wp-json\/wp\/v2\/categories?post=6056"},{"taxonomy":"post_tag","embeddable":true,"href":"https:\/\/www.improveinternational.com\/ambassador\/wp-json\/wp\/v2\/tags?post=6056"}],"curies":[{"name":"wp","href":"https:\/\/api.w.org\/{rel}","templated":true}]}}