{"id":6139,"date":"2023-04-22T22:52:05","date_gmt":"2023-04-22T21:52:05","guid":{"rendered":"https:\/\/www.improveinternational.com\/ambassador\/?p=6139"},"modified":"2023-04-22T22:52:05","modified_gmt":"2023-04-22T21:52:05","slug":"uma-destartarizacao-vale-mais-que-bacterias-no-coracao","status":"publish","type":"post","link":"https:\/\/www.improveinternational.com\/ambassador\/2023\/04\/22\/uma-destartarizacao-vale-mais-que-bacterias-no-coracao\/","title":{"rendered":"Uma destartariza\u00e7\u00e3o vale mais que bact\u00e9rias no cora\u00e7\u00e3o"},"content":{"rendered":"<h3>Uma destartariza\u00e7\u00e3o vale mais que bact\u00e9rias no cora\u00e7\u00e3o<\/h3>\n<p><img loading=\"lazy\" decoding=\"async\" src=\"https:\/\/www.improveinternational.com\/ambassador\/wp-content\/uploads\/2023\/04\/AMB_PT_Articles_Isabela-Fernandes_Apr2023-300x300.png\" alt=\"\" width=\"300\" height=\"300\" class=\"alignnone size-medium wp-image-6140\" srcset=\"https:\/\/www.improveinternational.com\/ambassador\/wp-content\/uploads\/2023\/04\/AMB_PT_Articles_Isabela-Fernandes_Apr2023-300x300.png 300w, https:\/\/www.improveinternational.com\/ambassador\/wp-content\/uploads\/2023\/04\/AMB_PT_Articles_Isabela-Fernandes_Apr2023-150x150.png 150w, https:\/\/www.improveinternational.com\/ambassador\/wp-content\/uploads\/2023\/04\/AMB_PT_Articles_Isabela-Fernandes_Apr2023-768x768.png 768w, https:\/\/www.improveinternational.com\/ambassador\/wp-content\/uploads\/2023\/04\/AMB_PT_Articles_Isabela-Fernandes_Apr2023-1024x1024.png 1024w, https:\/\/www.improveinternational.com\/ambassador\/wp-content\/uploads\/2023\/04\/AMB_PT_Articles_Isabela-Fernandes_Apr2023-830x830.png 830w, https:\/\/www.improveinternational.com\/ambassador\/wp-content\/uploads\/2023\/04\/AMB_PT_Articles_Isabela-Fernandes_Apr2023-230x230.png 230w, https:\/\/www.improveinternational.com\/ambassador\/wp-content\/uploads\/2023\/04\/AMB_PT_Articles_Isabela-Fernandes_Apr2023-350x350.png 350w, https:\/\/www.improveinternational.com\/ambassador\/wp-content\/uploads\/2023\/04\/AMB_PT_Articles_Isabela-Fernandes_Apr2023-480x480.png 480w, https:\/\/www.improveinternational.com\/ambassador\/wp-content\/uploads\/2023\/04\/AMB_PT_Articles_Isabela-Fernandes_Apr2023-24x24.png 24w, https:\/\/www.improveinternational.com\/ambassador\/wp-content\/uploads\/2023\/04\/AMB_PT_Articles_Isabela-Fernandes_Apr2023-36x36.png 36w, https:\/\/www.improveinternational.com\/ambassador\/wp-content\/uploads\/2023\/04\/AMB_PT_Articles_Isabela-Fernandes_Apr2023-48x48.png 48w\" sizes=\"(max-width: 300px) 100vw, 300px\" \/><\/p>\n<p style=\"text-align: center;\">\n<p>A doen\u00e7a periodontal \u00e9 uma patologia cada vez mais comum nos animais de companhia n\u00e3o s\u00f3 pela predisposi\u00e7\u00e3o gen\u00e9tica, mas tamb\u00e9m pelo o aumento da longevidade dos nossos patudos bem como a dificuldade de acesso a determinados tratamentos por falta de meios econ\u00f3micos.<\/p>\n<p>A doen\u00e7a periodontal \u00e9 conhecida comummente como t\u00e1rtaro, este \u00e9 composto por restos de alimentos, saliva e c\u00e9lulas do biofilme, acompanhado por gengivite. Inicialmente surge o t\u00e1rtaro e depois a gengivite, inflama\u00e7\u00e3o das gengiva e\/ou a periodontite, inflama\u00e7\u00e3o do periodonto. Com a progress\u00e3o da doen\u00e7a e a sua falta de tratamento ocorre regress\u00e3o da gengiva podendo at\u00e9 mesmo surgir a \u201cfurca\u201d que \u00e9 o surgimento de espa\u00e7o entre duas ra\u00edzes dent\u00e1rias e exposi\u00e7\u00e3o das mesmas, este acontecimento n\u00e3o \u00e9 revers\u00edvel.<\/p>\n<p>O aparecimento da doen\u00e7a periodontal apresenta uma etiologia multifatorial, podendo surgir por fatores comportamentais, alimentares, anat\u00f3micos, imunol\u00f3gicos, por predisposi\u00e7\u00e3o racial ou por falta de meios econ\u00f3micos por parte do tutor. Por exemplo se o tutor em conjunto com o m\u00e9dico veterin\u00e1rio observarem regularmente a cavidade oral do animal e forem realizadas destartariza\u00e7\u00f5es ainda antes de existir aparecimento de gengivite ou periodontite, a probabilidade de o animal desenvolver esta doen\u00e7a ou realizar extra\u00e7\u00f5es dent\u00e1rias, reduz drasticamente.<\/p>\n<p>Mas afinal qual \u00e9 o verdadeiro problema de existir t\u00e1rtaro nos dentes dos nossos patudos? Al\u00e9m de toda a quest\u00e3o dent\u00e1ria o verdadeiro problema s\u00e3o as pericardites e infe\u00e7\u00f5es sist\u00e9micas que o animal pode desenvolver atrav\u00e9s da placa bacteriana dent\u00e1ria. A inflama\u00e7\u00e3o do periodonto gera vasodilata\u00e7\u00e3o o que permite uma entrada mais facilitada de bact\u00e9rias na corrente sangu\u00ednea permitindo assim o seu alojamento no peric\u00e1rdio e dissemina\u00e7\u00e3o pelo o organismo.<\/p>\n<p>Para tratamento da parte revers\u00edvel desta doen\u00e7a, o que se faz \u00e9 a destartariza\u00e7\u00e3o, ou seja, a remo\u00e7\u00e3o de placa bacteriana atrav\u00e9s de ultrassons muito r\u00e1pidos e se necess\u00e1rio a exodontia que consiste na remo\u00e7\u00e3o de alguns dentes. Para preven\u00e7\u00e3o \u00e9 aconselhado a fric\u00e7\u00e3o mec\u00e2nica nos dentes atrav\u00e9s de escovagem regular, a administra\u00e7\u00e3o de dietas que exigem mastiga\u00e7\u00e3o por parte do animal e o uso de brinquedos espec\u00edficos para cuidados dent\u00e1rios.<\/p>\n<p><strong>Bibliografia<\/strong><br \/>\nSantos, J., (2018). Rela\u00e7\u00e3o entre a doen\u00e7a periodontal e doen\u00e7as sist\u00e9micas bacterianas no c\u00e3o: Um estudo retrospectivo. Faculdade de Medicina Veterin\u00e1ria;<br \/>\nFeij\u00f3, F., Teixeira, Teixeira, A., Silva, R., Chaves, K., Oliveira, R., Correia, F., Santos, J. e Parize, T., (2022). Doen\u00e7a periodontal em c\u00e3es e gatos \u2013 abordagem cl\u00ednica. Brazilian Journal of Development;<\/p>\n","protected":false},"excerpt":{"rendered":"<p>Uma destartariza\u00e7\u00e3o vale mais que bact\u00e9rias no cora\u00e7\u00e3o A doen\u00e7a periodontal \u00e9 uma patologia cada vez mais comum nos animais de companhia n\u00e3o s\u00f3 pela predisposi\u00e7\u00e3o gen\u00e9tica, mas tamb\u00e9m pelo o aumento da longevidade dos nossos patudos bem como a dificuldade de acesso a determinados tratamentos por falta de meios econ\u00f3micos. A doen\u00e7a periodontal \u00e9 [&hellip;]<\/p>\n","protected":false},"author":14,"featured_media":0,"comment_status":"open","ping_status":"open","sticky":false,"template":"","format":"standard","meta":{"_monsterinsights_skip_tracking":false,"_monsterinsights_sitenote_active":false,"_monsterinsights_sitenote_note":"","_monsterinsights_sitenote_category":0,"footnotes":""},"categories":[1],"tags":[],"_links":{"self":[{"href":"https:\/\/www.improveinternational.com\/ambassador\/wp-json\/wp\/v2\/posts\/6139"}],"collection":[{"href":"https:\/\/www.improveinternational.com\/ambassador\/wp-json\/wp\/v2\/posts"}],"about":[{"href":"https:\/\/www.improveinternational.com\/ambassador\/wp-json\/wp\/v2\/types\/post"}],"author":[{"embeddable":true,"href":"https:\/\/www.improveinternational.com\/ambassador\/wp-json\/wp\/v2\/users\/14"}],"replies":[{"embeddable":true,"href":"https:\/\/www.improveinternational.com\/ambassador\/wp-json\/wp\/v2\/comments?post=6139"}],"version-history":[{"count":1,"href":"https:\/\/www.improveinternational.com\/ambassador\/wp-json\/wp\/v2\/posts\/6139\/revisions"}],"predecessor-version":[{"id":6141,"href":"https:\/\/www.improveinternational.com\/ambassador\/wp-json\/wp\/v2\/posts\/6139\/revisions\/6141"}],"wp:attachment":[{"href":"https:\/\/www.improveinternational.com\/ambassador\/wp-json\/wp\/v2\/media?parent=6139"}],"wp:term":[{"taxonomy":"category","embeddable":true,"href":"https:\/\/www.improveinternational.com\/ambassador\/wp-json\/wp\/v2\/categories?post=6139"},{"taxonomy":"post_tag","embeddable":true,"href":"https:\/\/www.improveinternational.com\/ambassador\/wp-json\/wp\/v2\/tags?post=6139"}],"curies":[{"name":"wp","href":"https:\/\/api.w.org\/{rel}","templated":true}]}}