{"id":6248,"date":"2023-07-18T18:03:33","date_gmt":"2023-07-18T17:03:33","guid":{"rendered":"https:\/\/www.improveinternational.com\/ambassador\/?p=6248"},"modified":"2023-07-18T18:03:33","modified_gmt":"2023-07-18T17:03:33","slug":"ressonancia-magnetica-em-caes-indicacoes-frequentes","status":"publish","type":"post","link":"https:\/\/www.improveinternational.com\/ambassador\/2023\/07\/18\/ressonancia-magnetica-em-caes-indicacoes-frequentes\/","title":{"rendered":"Resson\u00e2ncia magn\u00e9tica em c\u00e3es"},"content":{"rendered":"<h3>Resson\u00e2ncia magn\u00e9tica em c\u00e3es: indica\u00e7\u00f5es frequentes<\/h3>\n<p><img loading=\"lazy\" decoding=\"async\" src=\"https:\/\/www.improveinternational.com\/ambassador\/wp-content\/uploads\/2023\/07\/AMB_PT_Ines-Carvalho_July2023-300x300.png\" alt=\"\" width=\"300\" height=\"300\" class=\"alignnone size-medium wp-image-6249\" srcset=\"https:\/\/www.improveinternational.com\/ambassador\/wp-content\/uploads\/2023\/07\/AMB_PT_Ines-Carvalho_July2023-300x300.png 300w, https:\/\/www.improveinternational.com\/ambassador\/wp-content\/uploads\/2023\/07\/AMB_PT_Ines-Carvalho_July2023-150x150.png 150w, https:\/\/www.improveinternational.com\/ambassador\/wp-content\/uploads\/2023\/07\/AMB_PT_Ines-Carvalho_July2023-768x768.png 768w, https:\/\/www.improveinternational.com\/ambassador\/wp-content\/uploads\/2023\/07\/AMB_PT_Ines-Carvalho_July2023-1024x1024.png 1024w, https:\/\/www.improveinternational.com\/ambassador\/wp-content\/uploads\/2023\/07\/AMB_PT_Ines-Carvalho_July2023-830x830.png 830w, https:\/\/www.improveinternational.com\/ambassador\/wp-content\/uploads\/2023\/07\/AMB_PT_Ines-Carvalho_July2023-230x230.png 230w, https:\/\/www.improveinternational.com\/ambassador\/wp-content\/uploads\/2023\/07\/AMB_PT_Ines-Carvalho_July2023-350x350.png 350w, https:\/\/www.improveinternational.com\/ambassador\/wp-content\/uploads\/2023\/07\/AMB_PT_Ines-Carvalho_July2023-480x480.png 480w, https:\/\/www.improveinternational.com\/ambassador\/wp-content\/uploads\/2023\/07\/AMB_PT_Ines-Carvalho_July2023-24x24.png 24w, https:\/\/www.improveinternational.com\/ambassador\/wp-content\/uploads\/2023\/07\/AMB_PT_Ines-Carvalho_July2023-36x36.png 36w, https:\/\/www.improveinternational.com\/ambassador\/wp-content\/uploads\/2023\/07\/AMB_PT_Ines-Carvalho_July2023-48x48.png 48w\" sizes=\"(max-width: 300px) 100vw, 300px\" \/><\/p>\n<p style=\"text-align: center;\">\n<p>O aparecimento da resson\u00e2ncia magn\u00e9tica implicou um avan\u00e7o importante no diagn\u00f3stico de m\u00faltiplas patologias. No entanto, \u00e9 essencial salientar que esta t\u00e9cnica tamb\u00e9m tem limita\u00e7\u00f5es e, portanto, devem ser conhecidas as suas indica\u00e7\u00f5es, uma vez que, uma utiliza\u00e7\u00e3o inadequada pode trazer consequ\u00eancias n\u00e3o ben\u00e9ficas ao animal, para al\u00e9m dos custos associados serem bastante elevados.<\/p>\n<p><strong>Princ\u00edpios b\u00e1sicos da resson\u00e2ncia magn\u00e9tica<\/strong><br \/>\nA resson\u00e2ncia magn\u00e9tica \u00e9 uma t\u00e9cnica que permite obter imagens anat\u00f3micas tomogr\u00e1ficas com excelente qualidade, em qualquer plano. Esta t\u00e9cnica tem tamb\u00e9m a vantagem de n\u00e3o recorrer \u00e0 utiliza\u00e7\u00e3o de radia\u00e7\u00f5es ionizantes, uma vez que, as imagens s\u00e3o geradas a partir da intera\u00e7\u00e3o entre os prot\u00f5es dos \u00e1tomos de hidrog\u00e9nio existentes nos tecidos e as ondas de radiofrequ\u00eancia, quando a \u00e1rea em estudo \u00e9 exposta a um campo magn\u00e9tico.<br \/>\nA imagem dos diferentes \u00f3rg\u00e3os ir\u00e1 depender da densidade de prot\u00f5es de cada tecido.<\/p>\n<p><strong>Indica\u00e7\u00f5es da resson\u00e2ncia magn\u00e9tica em c\u00e3es<\/strong><br \/>\nAtualmente, a resson\u00e2ncia magn\u00e9tica em c\u00e3es \u00e9 utilizada em v\u00e1rias \u00e1reas, no entanto, inicialmente era utilizada no diagn\u00f3stico neurol\u00f3gico. Uma vez que, na maioria dos casos o animal necessita de ser encaminhado para um centro especializado, bem como ser anestesiado \u00e9 recomend\u00e1vel que o diagn\u00f3stico seja feito, sempre que poss\u00edvel, com recurso a outras t\u00e9cnicas, devido aos elevados custos associados.<br \/>\nA resson\u00e2ncia magn\u00e9tica deve ser realizada em c\u00e3es para:<br \/>\n\u2022 Avaliar doente com quadros neurol\u00f3gicos centrais, doen\u00e7as medulares e da coluna vertebral<br \/>\n\u2022 Neoplasias<br \/>\n\u2022 Doen\u00e7as orbitais ou do nervo \u00f3tico<br \/>\n\u2022 Avalia\u00e7\u00e3o da bolha timp\u00e2nica<br \/>\n\u2022 Doen\u00e7as musculoesquel\u00e9ticas<br \/>\n\u2022 Cardiologia<\/p>\n<p><strong>Conclus\u00f5es<\/strong><br \/>\n\u00c9 poss\u00edvel concluir que apesar da resson\u00e2ncia magn\u00e9tica ser um meio de diagn\u00f3stico potente, tem as suas limita\u00e7\u00f5es e s\u00f3 deve ser utilizada, quando n\u00e3o existem outras t\u00e9cnicas eficazes dispon\u00edveis.<\/p>\n<p><strong>Bibliografia<\/strong><br \/>\nArticle 1 <a href=\"https:\/\/vetsandclinics.com\/pt\/ressonancia-magnetica-em-caes-indicacoes-mais-frequentes\">[View more]<\/a>;<\/p>\n","protected":false},"excerpt":{"rendered":"<p>Resson\u00e2ncia magn\u00e9tica em c\u00e3es: indica\u00e7\u00f5es frequentes O aparecimento da resson\u00e2ncia magn\u00e9tica implicou um avan\u00e7o importante no diagn\u00f3stico de m\u00faltiplas patologias. No entanto, \u00e9 essencial salientar que esta t\u00e9cnica tamb\u00e9m tem limita\u00e7\u00f5es e, portanto, devem ser conhecidas as suas indica\u00e7\u00f5es, uma vez que, uma utiliza\u00e7\u00e3o inadequada pode trazer consequ\u00eancias n\u00e3o ben\u00e9ficas ao animal, para al\u00e9m dos [&hellip;]<\/p>\n","protected":false},"author":14,"featured_media":0,"comment_status":"open","ping_status":"open","sticky":false,"template":"","format":"standard","meta":{"_monsterinsights_skip_tracking":false,"_monsterinsights_sitenote_active":false,"_monsterinsights_sitenote_note":"","_monsterinsights_sitenote_category":0,"footnotes":""},"categories":[1],"tags":[],"_links":{"self":[{"href":"https:\/\/www.improveinternational.com\/ambassador\/wp-json\/wp\/v2\/posts\/6248"}],"collection":[{"href":"https:\/\/www.improveinternational.com\/ambassador\/wp-json\/wp\/v2\/posts"}],"about":[{"href":"https:\/\/www.improveinternational.com\/ambassador\/wp-json\/wp\/v2\/types\/post"}],"author":[{"embeddable":true,"href":"https:\/\/www.improveinternational.com\/ambassador\/wp-json\/wp\/v2\/users\/14"}],"replies":[{"embeddable":true,"href":"https:\/\/www.improveinternational.com\/ambassador\/wp-json\/wp\/v2\/comments?post=6248"}],"version-history":[{"count":1,"href":"https:\/\/www.improveinternational.com\/ambassador\/wp-json\/wp\/v2\/posts\/6248\/revisions"}],"predecessor-version":[{"id":6251,"href":"https:\/\/www.improveinternational.com\/ambassador\/wp-json\/wp\/v2\/posts\/6248\/revisions\/6251"}],"wp:attachment":[{"href":"https:\/\/www.improveinternational.com\/ambassador\/wp-json\/wp\/v2\/media?parent=6248"}],"wp:term":[{"taxonomy":"category","embeddable":true,"href":"https:\/\/www.improveinternational.com\/ambassador\/wp-json\/wp\/v2\/categories?post=6248"},{"taxonomy":"post_tag","embeddable":true,"href":"https:\/\/www.improveinternational.com\/ambassador\/wp-json\/wp\/v2\/tags?post=6248"}],"curies":[{"name":"wp","href":"https:\/\/api.w.org\/{rel}","templated":true}]}}