{"id":796,"date":"2018-04-06T15:02:47","date_gmt":"2018-04-06T14:02:47","guid":{"rendered":"http:\/\/www.improveinternational.com\/ambassador\/?p=796"},"modified":"2018-04-17T12:53:53","modified_gmt":"2018-04-17T11:53:53","slug":"796","status":"publish","type":"post","link":"https:\/\/www.improveinternational.com\/ambassador\/2018\/04\/06\/796\/","title":{"rendered":"Os primeiros 21 dias da vida de uma abelha"},"content":{"rendered":"<h3><strong>Os primeiros 21 dias da vida de uma abelha<\/strong><\/h3>\n<p>&nbsp;<\/p>\n<p style=\"text-align: center;\"><img loading=\"lazy\" decoding=\"async\" src=\"http:\/\/www.improveinternational.com\/ambassador\/wp-content\/uploads\/2018\/04\/pubs_Ambassadores_maria_sousa_abril_02.png\" width=\"350\" height=\"350\" border=\"0\" \/><\/p>\n<p>&nbsp;<br \/>\nO projeto durou 6 meses e foi produzido a pedido da revista National Geographic.<br \/>\n&nbsp;<br \/>\nCom esta sequ\u00eancia fotogr\u00e1fica Varma mostra o problema pelo qual as abelhas est\u00e3o a desaparecer e o que est\u00e1 a ser feito para o resolver.<br \/>\n&nbsp;<br \/>\nExplica que as abelhas enfrentam diversos problemas como pesticidas, doen\u00e7as e a perda de habitat, mas a maior amea\u00e7a \u00e9 um \u00e1caro chamado Varroa destructor.<br \/>\n&nbsp;<br \/>\nEste \u00e1caro do tamanho da cabe\u00e7a de um alfinete infesta e suga o sangue das abelhas jovens o que acaba por destruir a colmeia porque debilita o sistema imunit\u00e1rio das abelhas tornando-as mais vulner\u00e1veis ao &#8220;stress&#8221; e \u00e0s doen\u00e7as.<br \/>\n&nbsp;<br \/>\nPor esta raz\u00e3o, investigadores procuram alternativas para os controlar e descobriram que algumas destas abelhas t\u00eam uma capacidade natural para lutar contra os \u00e1caros, o que lhes permitiu criar uma estirpe de abelhas resistentes a eles.<br \/>\n&nbsp;<\/p>\n<p style=\"word-wrap: break-word;\">Podes ver mais em: <a style=\"color: white; font-weight: bold; text-decoration: underline;\" href=\"https:\/\/www.youtube.com\/watch?v=6-tqiaPoS2U\" target=\"_blank\">https:\/\/www.youtube.com\/watch?v=6-tqiaPoS2U<\/a><\/p>\n<p>&nbsp;<\/p>\n","protected":false},"excerpt":{"rendered":"<p>Os primeiros 21 dias da vida de uma abelha &nbsp; &nbsp; O projeto durou 6 meses e foi produzido a pedido da revista National Geographic. &nbsp; Com esta sequ\u00eancia fotogr\u00e1fica Varma mostra o problema pelo qual as abelhas est\u00e3o a desaparecer e o que est\u00e1 a ser feito para o resolver. &nbsp; Explica que as [&hellip;]<\/p>\n","protected":false},"author":3,"featured_media":0,"comment_status":"open","ping_status":"open","sticky":false,"template":"","format":"standard","meta":{"_monsterinsights_skip_tracking":false,"_monsterinsights_sitenote_active":false,"_monsterinsights_sitenote_note":"","_monsterinsights_sitenote_category":0,"footnotes":""},"categories":[1],"tags":[],"_links":{"self":[{"href":"https:\/\/www.improveinternational.com\/ambassador\/wp-json\/wp\/v2\/posts\/796"}],"collection":[{"href":"https:\/\/www.improveinternational.com\/ambassador\/wp-json\/wp\/v2\/posts"}],"about":[{"href":"https:\/\/www.improveinternational.com\/ambassador\/wp-json\/wp\/v2\/types\/post"}],"author":[{"embeddable":true,"href":"https:\/\/www.improveinternational.com\/ambassador\/wp-json\/wp\/v2\/users\/3"}],"replies":[{"embeddable":true,"href":"https:\/\/www.improveinternational.com\/ambassador\/wp-json\/wp\/v2\/comments?post=796"}],"version-history":[{"count":6,"href":"https:\/\/www.improveinternational.com\/ambassador\/wp-json\/wp\/v2\/posts\/796\/revisions"}],"predecessor-version":[{"id":893,"href":"https:\/\/www.improveinternational.com\/ambassador\/wp-json\/wp\/v2\/posts\/796\/revisions\/893"}],"wp:attachment":[{"href":"https:\/\/www.improveinternational.com\/ambassador\/wp-json\/wp\/v2\/media?parent=796"}],"wp:term":[{"taxonomy":"category","embeddable":true,"href":"https:\/\/www.improveinternational.com\/ambassador\/wp-json\/wp\/v2\/categories?post=796"},{"taxonomy":"post_tag","embeddable":true,"href":"https:\/\/www.improveinternational.com\/ambassador\/wp-json\/wp\/v2\/tags?post=796"}],"curies":[{"name":"wp","href":"https:\/\/api.w.org\/{rel}","templated":true}]}}